{"id":10024,"date":"2026-04-06T10:04:56","date_gmt":"2026-04-06T16:04:56","guid":{"rendered":"https:\/\/norestedigital.net\/?p=10024"},"modified":"2026-04-06T10:05:00","modified_gmt":"2026-04-06T16:05:00","slug":"conciencia-ciudadana-la-generacion-que-ya-no-cree-en-nada","status":"publish","type":"post","link":"https:\/\/norestedigital.net\/index.php\/2026\/04\/06\/conciencia-ciudadana-la-generacion-que-ya-no-cree-en-nada\/","title":{"rendered":"\u201cConciencia Ciudadana\u201d&#8230;.LA GENERACI\u00d3N QUE YA NO CREE EN NADA"},"content":{"rendered":"\n<p>LA GENERACI\u00d3N QUE YA NO CREE EN NADA<br>Columna: \u201cConciencia Ciudadana\u201d<br>Por: Luis Armando Gonz\u00e1lez Isas<\/p>\n\n\n\n<p>Hay d\u00edas en los que uno despierta pensando m\u00e1s de lo normal.<br>Hoy me levant\u00e9 reflexionando al ver el poco anhelo de la gente por el verdadero significado de la Semana Santa, y analizo y digo que algo se est\u00e1 rompiendo y no es reciente.<br>No ocurri\u00f3 de un d\u00eda para otro, ni se puede culpar a una sola persona, a un solo gobierno o a una sola instituci\u00f3n. Es m\u00e1s profundo. M\u00e1s silencioso. M\u00e1s peligroso.<br>Estamos frente a una generaci\u00f3n que ya no cree en nada.<br>No cree en el gobierno, porque ha visto promesas recicladas, discursos vac\u00edos y resultados que nunca llegan. Cambian los nombres, cambian los colores, pero la historia parece repetirse.<br>No cree en las instituciones, porque muchas han dejado de representar a la gente. La justicia se percibe lenta, lejana o selectiva. Y cuando la ley no es igual para todos, deja de ser ley y se convierte en privilegio.<br>No cree en la iglesia, no necesariamente por falta de fe, sino por decepci\u00f3n. Porque cuando la misa o culto no coincide con la conducta, la confianza se rompe. Y una vez rota, no se repara con palabras.<br>No cree en los medios, porque durante a\u00f1os se ha sentido manipulaci\u00f3n, intereses ocultos o narrativas a conveniencia. Hoy se duda de todo incluso de la verdad.<br>Pero esto no es rebeld\u00eda.<br>Es cansancio.<br>Es el resultado de a\u00f1os de ver, escuchar y vivir contradicciones. Es una generaci\u00f3n que creci\u00f3 viendo c\u00f3mo se dec\u00eda una cosa y se hac\u00eda otra.<br>Hoy no se cree f\u00e1cilmente en discursos motivacionales, en campa\u00f1as pol\u00edticas, en l\u00edderes carism\u00e1ticos ni en promesas de cambio. Todo se cuestiona. Todo se pone en duda. Todo pasa por el filtro de la desconfianza.<br>Y aunque eso puede parecer negativo, tambi\u00e9n es una se\u00f1al de alerta.<br>Porque una sociedad que no cree en nada es una sociedad peligrosa.<br>Y entonces, \u00bfQu\u00e9 hacemos ahora?<br>La respuesta no est\u00e1 en exigir cambios afuera sin empezar por dentro.<br>Tal vez no podemos cambiar el sistema completo, pero s\u00ed podemos dejar de ser parte del problema.<br>Podemos volver a darle valor a la palabra.<br>Cumplir lo que decimos.<br>Vivir con coherencia, aunque nadie est\u00e9 mirando.<br>Podemos ser ciudadanos que participen, no solo que critiquen.<br>Personas que construyan, no solo que se\u00f1alen.<br>Voces que sumen, no que destruyan.<br>Porque la confianza no se recupera con discursos, se reconstruye con acciones peque\u00f1as, constantes y reales.<br>Y quiz\u00e1 el verdadero cambio no comience en los grandes escenarios,<br>sino en decisiones cotidianas que parecieran insignificantes.<br>Hablar con verdad.<br>Actuar con integridad.<br>Vivir con prop\u00f3sito.<br>Porque al final, si esta generaci\u00f3n no cree en nada, tal vez el reto no es convencerla con palabras,<br>sino darle razones con la vida para volver a creer.<\/p>\n","protected":false},"excerpt":{"rendered":"<p>LA GENERACI\u00d3N QUE YA NO CREE EN NADAColumna: \u201cConciencia Ciudadana\u201dPor: Luis Armando Gonz\u00e1lez Isas Hay d\u00edas en los que uno despierta pensando m\u00e1s de lo normal.Hoy me levant\u00e9 reflexionando al ver el poco anhelo de la gente por el verdadero significado de la Semana Santa, y analizo y digo que algo se est\u00e1 rompiendo y &hellip;<\/p>\n","protected":false},"author":2,"featured_media":1320,"comment_status":"open","ping_status":"open","sticky":false,"template":"","format":"standard","meta":{"footnotes":""},"categories":[4],"tags":[],"class_list":["post-10024","post","type-post","status-publish","format-standard","has-post-thumbnail","","category-columnistas-fashion"],"_links":{"self":[{"href":"https:\/\/norestedigital.net\/index.php\/wp-json\/wp\/v2\/posts\/10024","targetHints":{"allow":["GET"]}}],"collection":[{"href":"https:\/\/norestedigital.net\/index.php\/wp-json\/wp\/v2\/posts"}],"about":[{"href":"https:\/\/norestedigital.net\/index.php\/wp-json\/wp\/v2\/types\/post"}],"author":[{"embeddable":true,"href":"https:\/\/norestedigital.net\/index.php\/wp-json\/wp\/v2\/users\/2"}],"replies":[{"embeddable":true,"href":"https:\/\/norestedigital.net\/index.php\/wp-json\/wp\/v2\/comments?post=10024"}],"version-history":[{"count":1,"href":"https:\/\/norestedigital.net\/index.php\/wp-json\/wp\/v2\/posts\/10024\/revisions"}],"predecessor-version":[{"id":10025,"href":"https:\/\/norestedigital.net\/index.php\/wp-json\/wp\/v2\/posts\/10024\/revisions\/10025"}],"wp:featuredmedia":[{"embeddable":true,"href":"https:\/\/norestedigital.net\/index.php\/wp-json\/wp\/v2\/media\/1320"}],"wp:attachment":[{"href":"https:\/\/norestedigital.net\/index.php\/wp-json\/wp\/v2\/media?parent=10024"}],"wp:term":[{"taxonomy":"category","embeddable":true,"href":"https:\/\/norestedigital.net\/index.php\/wp-json\/wp\/v2\/categories?post=10024"},{"taxonomy":"post_tag","embeddable":true,"href":"https:\/\/norestedigital.net\/index.php\/wp-json\/wp\/v2\/tags?post=10024"}],"curies":[{"name":"wp","href":"https:\/\/api.w.org\/{rel}","templated":true}]}}