{"id":11934,"date":"2026-04-25T20:48:57","date_gmt":"2026-04-26T02:48:57","guid":{"rendered":"https:\/\/norestedigital.net\/?p=11934"},"modified":"2026-04-25T20:49:02","modified_gmt":"2026-04-26T02:49:02","slug":"donacion-ciudadana-impulsa-festejos-infantiles-en-altamira","status":"publish","type":"post","link":"https:\/\/norestedigital.net\/index.php\/2026\/04\/25\/donacion-ciudadana-impulsa-festejos-infantiles-en-altamira\/","title":{"rendered":"Donaci\u00f3n ciudadana impulsa festejos infantiles en Altamira"},"content":{"rendered":"\n<p>Donaci\u00f3n ciudadana impulsa festejos infantiles en Altamira<\/p>\n\n\n\n<p>Estoy convencido de que el servicio p\u00fablico se demuestra con hechos, no solo con presencia: Guillu<\/p>\n\n\n\n<p>Por Agustin Pe\u00f1a Cruz <br>Ciudad Altamira, Tamps.- En v\u00edsperas del D\u00eda del Ni\u00f1o, el Sistema DIF de Altamira reforz\u00f3 su estrategia de asistencia social con la incorporaci\u00f3n de juguetes y bicicletas donados por el D\u00e9cimo Noveno Regidor, F\u00e9lix Miguel Guill\u00fa Mer\u00e1z, una acci\u00f3n que, de acuerdo con el propio funcionario, busca trascender la l\u00f3gica institucional y colocar en el centro el compromiso directo con la ciudadan\u00eda.<br>A trav\u00e9s de redes sociales, el DIF municipal expres\u00f3 su agradecimiento por una aportaci\u00f3n que se integrar\u00e1 a la rifa principal del evento programado para el pr\u00f3ximo 30 de abril. \u201cGracias\u2026 por su gran donaci\u00f3n de juguetes y bicicletas. Regalos que se suman a la gran rifa del S\u00faper D\u00eda del Ni\u00f1o\u2026 \u00a1estamos listos para el 30 de Abril!\u201d, difundi\u00f3 el organismo, subrayando la relevancia de la colaboraci\u00f3n en un contexto donde las pol\u00edticas sociales locales dependen, en buena medida, de la suma de esfuerzos entre actores p\u00fablicos y privados.<br>En entrevista y posicionamientos p\u00fablicos, Guill\u00fa Mer\u00e1z deline\u00f3 el sentido de su participaci\u00f3n. \u201cLa donaci\u00f3n de juguetes al Sistema DIF [tiene] el firme prop\u00f3sito de llevar alegr\u00eda y una sonrisa a ni\u00f1as y ni\u00f1os de nuestro municipio\u201d, afirm\u00f3. M\u00e1s all\u00e1 del acto en s\u00ed, el regidor enfatiz\u00f3 el origen de los recursos utilizados: \u201cEsta acci\u00f3n responde a una convicci\u00f3n personal: contribuir de manera directa y genuina, destinando recursos propios para apoyar a quienes m\u00e1s lo necesitan\u201d.<br>El discurso del funcionario introduce una narrativa que busca diferenciarse de pr\u00e1cticas tradicionales dentro del servicio p\u00fablico. \u201cEstoy convencido de que el servicio p\u00fablico se demuestra con hechos, no solo con presencia\u201d, sostuvo, en lo que puede interpretarse como un intento por posicionar una forma de gesti\u00f3n basada en la acci\u00f3n tangible y no \u00fanicamente en la visibilidad pol\u00edtica. En esa misma l\u00ednea, a\u00f1adi\u00f3: \u201cSeguiremos trabajando de esta manera, sin depender de terceros, ni de patrocinios, ni de recursos provenientes de los mismos gobiernos; con un compromiso firme \u00fanicamente con la ciudadan\u00eda, no con personajes\u201d.<br>La donaci\u00f3n, sin embargo, no constituye un hecho aislado. En paralelo, el regidor ha desplegado una serie de recorridos comunitarios en colonias de la zona Miramar, como Nuevo Tampico Miramar y Los Fresnos, donde se han organizado actividades recreativas dirigidas a la ni\u00f1ez. Estas acciones, seg\u00fan explic\u00f3, buscan incidir en la reconstrucci\u00f3n del tejido social desde una escala barrial.<br>En la colonia Nuevo Tampico Miramar, Guill\u00fa Mer\u00e1z describi\u00f3 el arranque de estas jornadas: \u201cEl d\u00eda de hoy llevamos a cabo el primer evento con motivo del D\u00eda del Ni\u00f1o\u2026 donde las ni\u00f1as y los ni\u00f1os disfrutaron de un agradable momento de convivencia, acompa\u00f1ado de alimentos y la entrega de bolsitas de dulces\u201d. La iniciativa, dijo, apunta a generar espacios de interacci\u00f3n positiva en entornos que suelen enfrentar carencias estructurales.<br>Un mensaje similar fue replicado tras su visita a Los Fresnos, donde encabez\u00f3 el tercer festejo infantil. \u201cNi\u00f1as y ni\u00f1os disfrutaron de un momento de alegr\u00eda, convivencia y sana recreaci\u00f3n\u201d, se\u00f1al\u00f3, al tiempo que reconoci\u00f3 el apoyo de integrantes de su equipo. \u201cAgradezco su compromiso y disposici\u00f3n para sumarse a estas acciones que buscan llevar sonrisas a quienes m\u00e1s lo merecen\u201d.<br>Para el regidor, este tipo de actividades no solo tienen un valor inmediato, sino tambi\u00e9n un alcance a largo plazo. \u201cSeguiremos impulsando este tipo de iniciativas que fortalecen el tejido social y fomentan valores desde la infancia, convencidos de que trabajar por la ni\u00f1ez es trabajar por un mejor futuro para nuestra comunidad\u201d, concluy\u00f3.<\/p>\n","protected":false},"excerpt":{"rendered":"<p>Donaci\u00f3n ciudadana impulsa festejos infantiles en Altamira Estoy convencido de que el servicio p\u00fablico se demuestra con hechos, no solo con presencia: Guillu Por Agustin Pe\u00f1a Cruz Ciudad Altamira, Tamps.- En v\u00edsperas del D\u00eda del Ni\u00f1o, el Sistema DIF de Altamira reforz\u00f3 su estrategia de asistencia social con la incorporaci\u00f3n de juguetes y bicicletas donados &hellip;<\/p>\n","protected":false},"author":2,"featured_media":11935,"comment_status":"open","ping_status":"open","sticky":false,"template":"","format":"standard","meta":{"footnotes":""},"categories":[52,2],"tags":[],"class_list":["post-11934","post","type-post","status-publish","format-standard","has-post-thumbnail","","category-altamira","category-mun"],"_links":{"self":[{"href":"https:\/\/norestedigital.net\/index.php\/wp-json\/wp\/v2\/posts\/11934","targetHints":{"allow":["GET"]}}],"collection":[{"href":"https:\/\/norestedigital.net\/index.php\/wp-json\/wp\/v2\/posts"}],"about":[{"href":"https:\/\/norestedigital.net\/index.php\/wp-json\/wp\/v2\/types\/post"}],"author":[{"embeddable":true,"href":"https:\/\/norestedigital.net\/index.php\/wp-json\/wp\/v2\/users\/2"}],"replies":[{"embeddable":true,"href":"https:\/\/norestedigital.net\/index.php\/wp-json\/wp\/v2\/comments?post=11934"}],"version-history":[{"count":1,"href":"https:\/\/norestedigital.net\/index.php\/wp-json\/wp\/v2\/posts\/11934\/revisions"}],"predecessor-version":[{"id":11936,"href":"https:\/\/norestedigital.net\/index.php\/wp-json\/wp\/v2\/posts\/11934\/revisions\/11936"}],"wp:featuredmedia":[{"embeddable":true,"href":"https:\/\/norestedigital.net\/index.php\/wp-json\/wp\/v2\/media\/11935"}],"wp:attachment":[{"href":"https:\/\/norestedigital.net\/index.php\/wp-json\/wp\/v2\/media?parent=11934"}],"wp:term":[{"taxonomy":"category","embeddable":true,"href":"https:\/\/norestedigital.net\/index.php\/wp-json\/wp\/v2\/categories?post=11934"},{"taxonomy":"post_tag","embeddable":true,"href":"https:\/\/norestedigital.net\/index.php\/wp-json\/wp\/v2\/tags?post=11934"}],"curies":[{"name":"wp","href":"https:\/\/api.w.org\/{rel}","templated":true}]}}