{"id":11969,"date":"2026-04-26T18:21:56","date_gmt":"2026-04-27T00:21:56","guid":{"rendered":"https:\/\/norestedigital.net\/?p=11969"},"modified":"2026-04-26T22:50:14","modified_gmt":"2026-04-27T04:50:14","slug":"expediente-ava-y-dra-maria-festejan-dia-del-nino","status":"publish","type":"post","link":"https:\/\/norestedigital.net\/index.php\/2026\/04\/26\/expediente-ava-y-dra-maria-festejan-dia-del-nino\/","title":{"rendered":"Expediente..AVA y Dra. Mar\u00eda festejan D\u00eda del Ni\u00f1o\u00a0"},"content":{"rendered":"\n<p>Expediente<\/p>\n\n\n\n<p>Azahel Jaramillo H.&nbsp;<\/p>\n\n\n\n<p>AVA y Dra. Mar\u00eda festejan D\u00eda del Ni\u00f1o&nbsp; &nbsp;<\/p>\n\n\n\n<p><strong>&nbsp; &nbsp; &nbsp; &nbsp; &nbsp; &nbsp; &nbsp; &nbsp; &nbsp; &nbsp; &nbsp; &nbsp; &nbsp; &nbsp; C\u00f3mo est\u00e1n? Pues ah\u00ed tienen que este s\u00e1bado 25 el Recinto Ferial, ubicado en la unidad gubernamental Bicentenario, fue sede el festejo DIFZania 2026 celebrado en un ambiente de alegr\u00eda, uni\u00f3n y convivencia.<\/strong><\/p>\n\n\n\n<p><strong>&nbsp; &nbsp; &nbsp; &nbsp;A lo largo del d\u00eda llegaron a DIFZania miles de familias de los municipios de la regi\u00f3n, teniendo la gente oportunidad de saludar al gobernador Dr. Am\u00e9rico Villarreal y a su esposa directora del DIF Tamaulipas&nbsp; Dra. Mar\u00eda de Villarreal, tomarse fotos con ellos y subirlas a sus redes sociales.<\/strong><\/p>\n\n\n\n<p><strong>&nbsp; &nbsp; &nbsp; &nbsp; Vale decir que DIFZania estuvo dedicado a todos los miembros de las familias, y muy especialmente a ni\u00f1as, ni\u00f1os y adolescentes. Ello bajo la tem\u00e1tica \u00abMi Familia, mis H\u00e9roes\u00bb en esta su cuarta edici\u00f3n.<\/strong><\/p>\n\n\n\n<p><strong>&nbsp; &nbsp; &nbsp; &nbsp; &nbsp; &nbsp;En la inauguraci\u00f3n de esta fiesta el Dr. Am\u00e9rico dijo: \u00abEsta fiesta est\u00e1 dedicada a los que m\u00e1s queremos: nuestras ni\u00f1as, ni\u00f1os y adolescentes. Mucho de lo que hacemos es con esa visi\u00f3n de futuro\u00bb.&nbsp;<\/strong><\/p>\n\n\n\n<p><strong>&nbsp; &nbsp; &nbsp; &nbsp; &nbsp;Enseguida, en su turno al micr\u00f3fono, la Dra. Mar\u00eda de Villarreal dijo :&nbsp; \u00abEstamos muy felices de festejar juntos el D\u00eda de la Familia y el D\u00eda del Ni\u00f1o; a divertirnos y a pasar un d\u00eda lleno de alegr\u00eda, que es lo que debemos fomentar siempre en nuestros hogares\u00bb.<\/strong><\/p>\n\n\n\n<p><strong>&nbsp; &nbsp; &nbsp; &nbsp; &nbsp; &nbsp; &nbsp; &nbsp; &nbsp;BLOQUEAN CARRETERA INTEREJIDAL RECLAMANDO AGUA&nbsp; &nbsp;<\/strong><\/p>\n\n\n\n<p><strong>Familias de la Colonia La Presita bloquearon este domingo la Carretera Interejidal en raz\u00f3n de que la Comisi\u00f3n Municipal de Agua Potable y Alcantarillado , COMAPA, los tiene&nbsp; sin abasto de agua desde hace dos semanas.<\/strong><\/p>\n\n\n\n<p><strong>&nbsp; &nbsp; &nbsp; &nbsp; &nbsp; &nbsp;La acci\u00f3n de los vecinos provoc\u00f3 afectaciones, y m\u00e1s porque el bloqueo&nbsp; fue hecho en d\u00eda domingo en que cientos familias concurren a las presas y r\u00edos aleda\u00f1os o bien acostumbran tomar la Ruta Gastron\u00f3mica para&nbsp; a almorzar a restaurantes ubicados en la referida Carretera Interejidal.&nbsp;<\/strong><\/p>\n\n\n\n<p><strong>&nbsp; &nbsp; &nbsp; &nbsp; Precisan que ni siquiera la COMAPA tampoco les env\u00eda tandeos con pipas del organismo de abasto de agua, vi\u00e9ndose en la necesidad surtirse de garrafones de agua.&nbsp;<\/strong><\/p>\n\n\n\n<p><strong>&nbsp; &nbsp; &nbsp; &nbsp; &nbsp;Les comparto que el m\u00e9dico D\u00e1maso Anaya Alvarado, rector de la Universidad Aut\u00f3noma de Tamaulipas, encabez\u00f3 junto con el secretario de Turismo de Tamaulipas, Benjam\u00edn Hern\u00e1ndez Rodr\u00edguez, y el director general del Consejo Tamaulipeco de Ciencia y Tecnolog\u00eda (COTACYT), Julio Mart\u00ednez Burnes, la presentaci\u00f3n y entrega de resultados finales del proyecto \u201cResignificaci\u00f3n del patrimonio tur\u00edstico tangible e intangible de Tamaulipas\u201d.<\/strong><\/p>\n\n\n\n<p><strong>&nbsp; &nbsp; &nbsp; &nbsp; &nbsp; &nbsp;Vale decir que el resultado de esta investigaci\u00f3n aporta herramientas para diversificar la vocaci\u00f3n tur\u00edstica de la entidad y fortalece la preservaci\u00f3n de su riqueza cultural y natural, destac\u00f3 el rector D\u00e1maso Anaya en su mensaje.<\/strong><\/p>\n\n\n\n<p><strong>&nbsp; &nbsp; &nbsp; &nbsp; &nbsp; &nbsp; En la reuni\u00f3n celebrada en las oficinas del COTACYT, el m\u00e9dico D\u00e1maso Anaya coment\u00f3 que este proyecto responde a una necesidad estrat\u00e9gica para comprender y potenciar la riqueza patrimonial de Tamaulipas, incorporando nuevas perspectivas como el turismo rural, ecol\u00f3gico, comunitario y de monta\u00f1a, bajo una visi\u00f3n integral.<\/strong><\/p>\n\n\n\n<p><strong>&nbsp; &nbsp; &nbsp; &nbsp; &nbsp; &nbsp;A\u00f1adi\u00f3 que los resultados presentados \u201cson evidencia concreta de que la Universidad Aut\u00f3noma de Tamaulipas mantiene una presencia firme y competitiva en las convocatorias p\u00fablicas de ciencia, tecnolog\u00eda y cultura, sustentada en el rigor acad\u00e9mico y en el compromiso con la sociedad\u201d.<\/strong><\/p>\n\n\n\n<p><strong>&nbsp; &nbsp; &nbsp; &nbsp; &nbsp; &nbsp; &nbsp;FESTEJA MUNCIPIO Y DIF VICTORIA DIA DEL NI\u00d1O<\/strong><\/p>\n\n\n\n<p><strong>&nbsp; &nbsp; &nbsp; &nbsp; &nbsp; El gobierno de Victoria y el DIF municipal que presiden Lalo Gatt\u00e1s y Lucy de Gatt\u00e1s festejaron este domingo26 de abril&nbsp; el D\u00eda del Ni\u00f1o con shows infantiles, comida y regalos para la ni\u00f1ez victorense.<\/strong><\/p>\n\n\n\n<p><strong>&nbsp; &nbsp; &nbsp; &nbsp; &nbsp; &nbsp; &nbsp;El Paseo 17, Te Quiero M\u00e1s fue el escenario donde el Grupo Hakuna Matata hizo espect\u00e1culo y se continu\u00f3 con reparta de regalos, dulces una rica merienda.&nbsp;<\/strong><\/p>\n\n\n\n<p><strong>&nbsp; &nbsp; &nbsp; &nbsp; &nbsp; &nbsp; Hubo juegos, actividades deportivas y culturales organizado todo por la Secretaria municipal de Bienestar Social ello en el marco del D\u00eda del Ni\u00f1o en este mes de abril. NOS VEMOS.&nbsp; &nbsp;<\/strong><\/p>\n\n\n\n<p>&nbsp;<a href=\"mailto:azahel_jaramillo@hotmail.com\" target=\"_blank\" rel=\"noreferrer noopener\">azahel_jaramillo@hotmail.com<\/a><\/p>\n","protected":false},"excerpt":{"rendered":"<p>Expediente Azahel Jaramillo H.&nbsp; AVA y Dra. Mar\u00eda festejan D\u00eda del Ni\u00f1o&nbsp; &nbsp; &nbsp; &nbsp; &nbsp; &nbsp; &nbsp; &nbsp; &nbsp; &nbsp; &nbsp; &nbsp; &nbsp; &nbsp; &nbsp; &nbsp; C\u00f3mo est\u00e1n? Pues ah\u00ed tienen que este s\u00e1bado 25 el Recinto Ferial, ubicado en la unidad gubernamental Bicentenario, fue sede el festejo DIFZania 2026 celebrado en un ambiente &hellip;<\/p>\n","protected":false},"author":2,"featured_media":11929,"comment_status":"open","ping_status":"open","sticky":false,"template":"","format":"standard","meta":{"footnotes":""},"categories":[4,62],"tags":[],"class_list":["post-11969","post","type-post","status-publish","format-standard","has-post-thumbnail","","category-columnistas-fashion","category-portada"],"_links":{"self":[{"href":"https:\/\/norestedigital.net\/index.php\/wp-json\/wp\/v2\/posts\/11969","targetHints":{"allow":["GET"]}}],"collection":[{"href":"https:\/\/norestedigital.net\/index.php\/wp-json\/wp\/v2\/posts"}],"about":[{"href":"https:\/\/norestedigital.net\/index.php\/wp-json\/wp\/v2\/types\/post"}],"author":[{"embeddable":true,"href":"https:\/\/norestedigital.net\/index.php\/wp-json\/wp\/v2\/users\/2"}],"replies":[{"embeddable":true,"href":"https:\/\/norestedigital.net\/index.php\/wp-json\/wp\/v2\/comments?post=11969"}],"version-history":[{"count":1,"href":"https:\/\/norestedigital.net\/index.php\/wp-json\/wp\/v2\/posts\/11969\/revisions"}],"predecessor-version":[{"id":11970,"href":"https:\/\/norestedigital.net\/index.php\/wp-json\/wp\/v2\/posts\/11969\/revisions\/11970"}],"wp:featuredmedia":[{"embeddable":true,"href":"https:\/\/norestedigital.net\/index.php\/wp-json\/wp\/v2\/media\/11929"}],"wp:attachment":[{"href":"https:\/\/norestedigital.net\/index.php\/wp-json\/wp\/v2\/media?parent=11969"}],"wp:term":[{"taxonomy":"category","embeddable":true,"href":"https:\/\/norestedigital.net\/index.php\/wp-json\/wp\/v2\/categories?post=11969"},{"taxonomy":"post_tag","embeddable":true,"href":"https:\/\/norestedigital.net\/index.php\/wp-json\/wp\/v2\/tags?post=11969"}],"curies":[{"name":"wp","href":"https:\/\/api.w.org\/{rel}","templated":true}]}}