{"id":11971,"date":"2026-04-26T20:03:18","date_gmt":"2026-04-27T02:03:18","guid":{"rendered":"https:\/\/norestedigital.net\/?p=11971"},"modified":"2026-04-26T20:03:20","modified_gmt":"2026-04-27T02:03:20","slug":"tiempo-y-espacio-el-famoso-chapulineo","status":"publish","type":"post","link":"https:\/\/norestedigital.net\/index.php\/2026\/04\/26\/tiempo-y-espacio-el-famoso-chapulineo\/","title":{"rendered":"Tiempo y Espacio&#8230;..El famoso chapulineo."},"content":{"rendered":"\n<ul class=\"wp-block-list\">\n<li>domingo, 26 de abril de 2026<\/li>\n<\/ul>\n\n\n\n<p>Tiempo y Espacio.<br><br>Por Jaime Luis Soto.<br>Como es del dominio p\u00fablico, el Congreso del Estado -que<br>actualmente dirige el morenista HUMBERTO PRIETO HERRERA- ha<br>sido, por tradici\u00f3n y costumbre, semillero de alcaldesas y alcaldes.<br>Y como todo mundo sabe, aunque el no diga nada todav\u00eda,<br>HUMBERTO PRIETO aspira ser el candidato de Morena para la<br>alcald\u00eda de Reynosa en donde es muy posible que el Partido Verde<br>postule a su propio candidato o candidata ante el evidente divorcio<br>con el partido guinda.<br>Se va a poner interesante la pelea electoral en el Municipio<br>tamaulipeco con mayor poblaci\u00f3n. Va rumbo al mill\u00f3n de<br>habitantes en unos cuantos a\u00f1os, seg\u00fan se calcula por su ritmo de<br>crecimiento.<br>Actualmente, tiene casi 705 mil habitantes\u2026<br>En el Congreso del Estado hay varios legisladores, como<br>HUMBERTO PRIETO, que aspiran a ser candidatas y candidatos a<br>alcald\u00edas.<br>As\u00ed, por Madero los legisladores CLAUDIO DE LEIJA y ADRI\u00c1N CRUZ<br>MART\u00cdNEZ andan desesperados por saber si a algunos de los dos se<br>les ungir\u00e1 como candidato a la alcald\u00eda.<br>En la Urbe Petrolera, como ya lo escribimos en una colaboraci\u00f3n<br>pasada, ya est\u00e1 m\u00e1s que cantado de que ERASMO GONZ\u00c1LEZ<br>ROBLEDO no repetir\u00e1 como candidato de Morena porque como<br>alcalde ha sido una decepci\u00f3n total.<\/p>\n\n\n\n<p>Su gobierno municipal es un desastre y ERASMO no puede quitarse<br>la p\u00e9sima imagen que tiene en el sur -y en todo M\u00e9xico- por el<br>esc\u00e1ndalo que esta de moda.<br>En Madero nadie quiere que ERASMO repita. Que ser\u00eda un<br>grav\u00edsimo error de Morena si le permiten buscar su reelecci\u00f3n.<br>Volviendo con Reynosa, tambi\u00e9n la diputada MAGALY DE\u00c1NDAR y<br>los diputados ARMANDO ZERTUCHE y MARCO GALLEGOS quieren la<br>candidatura municipal de Morena.<br>Cuentan que MAGALY podr\u00eda dar la agradable sorpresa de ser<br>finalmente la candidata del partido guinda en el municipio<br>reynosense.<br>En Altamira, el diputado MARCELO ABUND\u00cdS RAM\u00cdREZ quiere ser el<br>candidato de Morena a la alcald\u00eda, sin embargo, ha trascendido que<br>al parecer no se le cumplir\u00e1 ese sue\u00f1o y que ser\u00e1 vetado.<br>En el PAN no cantan mal las rancheras: Ya casi es un hecho que,<br>ahora s\u00ed, PEPE SCHEKAIB\u00c1N -disc\u00edpulo de CHUCHO NADER-, ser\u00e1 el<br>candidato panista para la alcald\u00eda de Tampico.<br>Ah\u00ed, en el Puerto Jaibo, la alcaldesa M\u00d3NICA VILLARREAL<br>posiblemente busque su reelecci\u00f3n en el 2027.<br>Ah, y as\u00ed como en el Poder Legislativo de Tamaulipas hay muchos<br>acelerados, mire usted que en el Congreso de la Uni\u00f3n tambi\u00e9n<br>sobran.<br>Bastantes senadores y diputados federales andan<br>promocion\u00e1ndose de manera disfrazada en los Estados donde<br>quiere ser candidatas y candidatos para las 17 gubernaturas que se<br>disputar\u00e1n en el 2027.<br>De eso hablaremos despu\u00e9s\u2026<\/p>\n\n\n\n<p>Pero lo que pronto va a pasar en el Congreso local y en el Federal es<br>el famoso y pat\u00e9tico chapulineo\u2026<br>Mejor comentemos que en un ambiente de alegr\u00eda, uni\u00f3n y<br>convivencia, el Gobierno del Estado que encabeza el doctor<br>AM\u00c9RICO VILLARREAL ANAYA y el Sistema DIF Tamaulipas,<br>presidido por la doctora MAR\u00cdA DE VILLARREAL, llevaron a cabo<br>DIFZania 2026.<br>Un festejo dedicado a todos los integrantes de la familia,<br>especialmente para las ni\u00f1as, ni\u00f1os y adolescentes.<br>Bajo la tem\u00e1tica \u201cMi Familia, Mis H\u00e9roes\u201d, esta cuarta edici\u00f3n<br>reuni\u00f3 a miles de familias de los municipios de la regi\u00f3n centro del<br>estado.<br>Quienes disfrutaron de un d\u00eda lleno de actividades recreativas,<br>fortaleciendo los lazos familiares y promoviendo espacios de sana<br>convivencia.<br>\u201cFelicitar a todos los que participan en la organizaci\u00f3n de esta<br>fiesta, que est\u00e1 dedicada a lo que m\u00e1s queremos: nuestras ni\u00f1as,<br>ni\u00f1os y adolescentes. Mucho de lo que hacemos es con esa visi\u00f3n<br>de futuro\u201d, expres\u00f3 el gobernador AM\u00c9RICO VILLARREAL durante la<br>inauguraci\u00f3n.<br>Por su parte, la presidenta del DIF Tamaulipas destac\u00f3 el valor de<br>compartir en familia.<br>\u201cEstamos muy felices de festejar juntos el D\u00eda de la Familia y el D\u00eda<br>del Ni\u00f1o; a divertirnos y a pasar un d\u00eda lleno de alegr\u00eda, que es lo<br>que debemos fomentar siempre en nuestros hogares\u201d, dijo la<br>doctora MAR\u00cdA DE VILLARREAL.<\/p>\n\n\n\n<p>El gobernador reiter\u00f3 que este tipo de actividades reflejan el<br>compromiso de construir una sociedad con mayores<br>oportunidades, bienestar y entornos de paz, donde la convivencia<br>familiar sea la base para el desarrollo de las futuras generaciones.<br>Mire usted que la celebraci\u00f3n se desarroll\u00f3 de 10:00 de la ma\u00f1ana<br>a 9:00 de la noche en el Recinto Ferial.<br>Donde las y los asistentes disfrutaron de juegos, concursos,<br>espect\u00e1culos, regalos y refrigerios gratuitos. De manera simult\u00e1nea,<br>esta actividad se replic\u00f3 en diversos municipios del estado.<br>Con acciones como esta, los Mensajeros de Paz reafirman su<br>vocaci\u00f3n de servicio hacia cada persona, grupo o poblaci\u00f3n de<br>atenci\u00f3n prioritaria, promoviendo entornos de bienestar, unidad y<br>esperanza, como parte de esta visi\u00f3n humanista.<br>Por cierto, la UAT tuvo una fuerte y nutrida presencia en DIFZania<br>2026 con distintas actividades cuyo prop\u00f3sito fue acercar el<br>quehacer universitario a los ni\u00f1os quienes disfrutaron de juegos<br>l\u00fadicos, botargas y din\u00e1micas deportivas.<br>\u201c\u00a1Qu\u00e9 divertido!\u201d, expresaron la ma\u00f1ana del s\u00e1bado, ni\u00f1as y ni\u00f1os<br>que corrieron entre los tres m\u00f3dulos que instal\u00f3 la UAT.<br>Desde temprana hora las familias que se dieron cita al recinto ferial<br>de Ciudad Victoria pudieron convivir con los jugadores del Equipo<br>de F\u00fatbol Correcaminos de la UAT, as\u00ed como con las jugadoras del<br>CorreBasket UAT.<br>En ese marco, el rector D\u00c1MASO ANAYA ALVARADO y su esposa<br>ISOLDA REND\u00d3N DE ANAYA, recibieron al gobernador AM\u00c9RICO<br>VILLARREAL y a su esposa MAR\u00cdA DE VILLARREAL, quienes<br>previamente hab\u00edan inaugurado el evento.<\/p>\n\n\n\n<p>En los m\u00f3dulos de la UAT, los asistentes conocieron el proceso de<br>elaboraci\u00f3n de la lombricomposta que es un biofertilizante<br>org\u00e1nico de alta calidad, producido por la digesti\u00f3n de residuos<br>org\u00e1nicos por parte de lombrices.<br>Adem\u00e1s, los ni\u00f1os se divirtieron en la din\u00e1mica \u201c100 matem\u00e1ticos<br>dijeron\u201d e interactuaron con los juegos de realidad virtual que<br>present\u00f3 la Universidad.<br>Al final de la jornada el rector D\u00c1MASO ANAYA, destac\u00f3 la<br>importancia de acercar la actividad de la UAT a la comunidad<br>infantil y felicit\u00f3 el esfuerzo de la Dra. MAR\u00cdA DE VILLARREAL, al<br>organizar un evento de tanta relevancia para el sano esparcimiento<br>de las familias en esta capital.<br>Y bienestar, seguridad, salud y mejores condiciones para aprender,<br>llev\u00f3 el alcalde EDUARDO GATT\u00c1S B\u00c1EZ a la escuela secundaria<br>general N\u00b08 \u201cProf. Blas Uvalle Gonz\u00e1lez\u201d con la entrega de un<br>paquete de obras que atiende necesidades b\u00e1sicas de la instituci\u00f3n.<br>De la mano con la autoridad educativa representada por la Dra.<br>NORA HILDA DE LOS REYES V\u00c1ZQUEZ, Subsecretaria de Educaci\u00f3n<br>B\u00e1sica en el Estado, y acompa\u00f1ado de su esposa, LUCY DE GATT\u00c1S,<br>el alcalde de Victoria hizo entrega de acciones que impactan en la<br>mejora educativa.<br>\u00abMuchas gracias por la construcci\u00f3n de un acceso m\u00e1s seguro, un<br>cruce peatonal mejor se\u00f1alizado, banquetas m\u00e1s funcionales y la<br>instalaci\u00f3n de una cisterna que garantiza agua para todos\u00bb, dijo la<br>directora Mtra. NARDA MARISELA DE LA GARZA y un alumno de la<br>instituci\u00f3n educativa.<\/p>\n\n\n\n<p>GATT\u00c1S B\u00c1EZ convoc\u00f3 a las autoridades educativas a seguir<br>trabajando de la mano para que ni\u00f1os y j\u00f3venes estudien en<br>mejores condiciones, con m\u00e1s seguridad y m\u00e1s oportunidades.<br>El compromiso dijo, es hacer las cosas mejor, con gobiernos que<br>resuelven, mejoran y cumplen.<br>Es todo por hoy. Muchas gracias por leer.<br>Correo electr\u00f3nico:&nbsp;jaimeluissoto@hotmail.com<\/p>\n","protected":false},"excerpt":{"rendered":"<p>domingo, 26 de abril de 2026 Tiempo y Espacio.Por Jaime Luis Soto.Como es del dominio p\u00fablico, el Congreso del Estado -queactualmente dirige el morenista HUMBERTO PRIETO HERRERA- hasido, por tradici\u00f3n y costumbre, semillero de alcaldesas y alcaldes.Y como todo mundo sabe, aunque el no diga nada todav\u00eda,HUMBERTO PRIETO aspira ser el candidato de Morena para &hellip;<\/p>\n","protected":false},"author":2,"featured_media":9631,"comment_status":"open","ping_status":"open","sticky":false,"template":"","format":"standard","meta":{"footnotes":""},"categories":[4],"tags":[],"class_list":["post-11971","post","type-post","status-publish","format-standard","has-post-thumbnail","","category-columnistas-fashion"],"_links":{"self":[{"href":"https:\/\/norestedigital.net\/index.php\/wp-json\/wp\/v2\/posts\/11971","targetHints":{"allow":["GET"]}}],"collection":[{"href":"https:\/\/norestedigital.net\/index.php\/wp-json\/wp\/v2\/posts"}],"about":[{"href":"https:\/\/norestedigital.net\/index.php\/wp-json\/wp\/v2\/types\/post"}],"author":[{"embeddable":true,"href":"https:\/\/norestedigital.net\/index.php\/wp-json\/wp\/v2\/users\/2"}],"replies":[{"embeddable":true,"href":"https:\/\/norestedigital.net\/index.php\/wp-json\/wp\/v2\/comments?post=11971"}],"version-history":[{"count":1,"href":"https:\/\/norestedigital.net\/index.php\/wp-json\/wp\/v2\/posts\/11971\/revisions"}],"predecessor-version":[{"id":11972,"href":"https:\/\/norestedigital.net\/index.php\/wp-json\/wp\/v2\/posts\/11971\/revisions\/11972"}],"wp:featuredmedia":[{"embeddable":true,"href":"https:\/\/norestedigital.net\/index.php\/wp-json\/wp\/v2\/media\/9631"}],"wp:attachment":[{"href":"https:\/\/norestedigital.net\/index.php\/wp-json\/wp\/v2\/media?parent=11971"}],"wp:term":[{"taxonomy":"category","embeddable":true,"href":"https:\/\/norestedigital.net\/index.php\/wp-json\/wp\/v2\/categories?post=11971"},{"taxonomy":"post_tag","embeddable":true,"href":"https:\/\/norestedigital.net\/index.php\/wp-json\/wp\/v2\/tags?post=11971"}],"curies":[{"name":"wp","href":"https:\/\/api.w.org\/{rel}","templated":true}]}}