{"id":11975,"date":"2026-04-26T20:17:37","date_gmt":"2026-04-27T02:17:37","guid":{"rendered":"https:\/\/norestedigital.net\/?p=11975"},"modified":"2026-04-26T20:17:40","modified_gmt":"2026-04-27T02:17:40","slug":"dialogando-los-cambios-de-morena","status":"publish","type":"post","link":"https:\/\/norestedigital.net\/index.php\/2026\/04\/26\/dialogando-los-cambios-de-morena\/","title":{"rendered":"Dialogando&#8230;..Los cambios de Morena"},"content":{"rendered":"\n<ul class=\"wp-block-list\">\n<li>domingo, 26 de abril de 2026<\/li>\n<\/ul>\n\n\n\n<p>Dialogando<\/p>\n\n\n\n<p>*Los Honores a la Bandera que encabeza el gobernador Am\u00e9rico Villarreal Anaya,<br>se llevaran a cabo en la Escuela Primaria Republica de M\u00e9xico en Ciudad Victoria,<br>ubicada en Rio San Crist\u00f3bal 675, Col. San Marcos Dos, en punto de las 8 de la<br>ma\u00f1ana<br>Por Roberto Olvera P\u00e9rez<br>La designaci\u00f3n de la mexiquense, Arquitecta, Ariadna Montiel Reyes como<br>presidenta nacional de Morena, nos muestra que en los pr\u00f3ximos d\u00edas habr\u00e1<br>cambios importantes en el partido guinda, sobre todo los nombramientos de los<br>Coordinadores Estatales de elecciones de este instituto pol\u00edtico joven, quienes se<br>encargaran de hacer las encuestas para nombrar a los pr\u00f3ximos candidatos a<br>diputados federales, diputados locales, alcaldes, regidores y s\u00edndicos de los<br>Ayuntamientos en cada uno de los estados de la Rep\u00fablica, entre ellos, el nuestro<br>en Tamaulipas.<br>No tarda mucho en salir el humo blanco para decirnos qui\u00e9n ser\u00e1 el nuevo<br>Coordinador de Morena en Tamaulipas. Ya les avisaremos, pero lo que se puede<br>adelantar desde ahora, es que ser\u00e1 alguien cercano a Citlalli Hern\u00e1ndez Mora y a<br>la nueva presidenta Ariadna Montiel; toda vez que ser\u00e1n estas dos mujeres las<br>que tendr\u00e1n el poder absoluto en el partido Morena, tanto en nombrar candidatos<br>como el manejar el dinero que el partido necesitar\u00e1 para hacer las encuestas en<br>cada uno de los estados y los municipios del pa\u00eds. Recordemos aqu\u00ed la sabia frase<br>que dice: \u201cEn casa y en pol\u00edtica, el que paga manda\u201d.<br>Por cierto, valdr\u00eda la pena saber y conocer de cerca qui\u00e9nes son los aliados<br>m\u00e1s cercanos de Citlalli Hern\u00e1ndez en Tamaulipas y tambi\u00e9n los funcionarios de<br>la secretar\u00eda de Bienestar que siempre han sido bien vistos por Ariadna Montiel;<br>seguramente estos personajes tendr\u00e1n mucho que ver en el futuro del partido<br>Morena en Tamaulipas. L\u00e9ase los amigos de Citlalli y Ariadna tendr\u00e1n vara alta en<br>Tamaulipas. Incluyan en esta lista a Heriberto Cant\u00fa De\u00e1ndar, Director Regional<br>del Bienestar Regi\u00f3n IV en Tamaulipas con sede en Nuevo Laredo, que por cierto,<br>tuvo la importante misi\u00f3n del proyecto de la construcci\u00f3n del edificio de la Agencia<br>Nacional de Aduanas. Se sabe que la familia De\u00e1ndar tiene una relaci\u00f3n directa<br>con AMLO desde hace d\u00e9cadas.<br>Por lo tanto, denlo por seguro que la baraja seguir\u00e1 movi\u00e9ndose y nombres<br>que hasta hoy permanec\u00edan sin mayores posibilidades pol\u00edticas, la suerte le sonr\u00ede<br>y pronto los veremos en posiciones estrat\u00e9gicas. Pendientes de ello para informar.<br>Listo para comparecer<\/p>\n\n\n\n<p>El que est\u00e1 listo para comparecer ante el pleno del Congreso del Estado de<br>Tamaulipas, es el secretario de Educaci\u00f3n Miguel \u00c1ngel Vald\u00e9s Garc\u00eda, este<br>martes 28 de abril en punto de las 2 de la tarde.<br>Seguramente el funcionario aclarar\u00e1 todas y cada una de las dudas de los<br>legisladores, pues no hay que olvidar que adem\u00e1s es uno de los secretarios que le<br>est\u00e1 echando toda la carne al asador, cumpliendo con los planes y programas del<br>gobernador Am\u00e9rico Villarreal Anaya.<br>Valdez Garc\u00eda tiene adem\u00e1s un equipo de colaboradores que le han<br>respondido en el quehacer educativo en los 43 municipios de la entidad.<br>Seguramente usted lo ha visto en planteles escolares del norte, centro y sur<br>del estado, reuni\u00e9ndose con maestras y maestros, con alumnos y padres de<br>familia, para escuchar las necesidades m\u00e1s apremiantes y con el apoyo del<br>gobierno estatal darle soluci\u00f3n.<\/p>\n\n\n\n<p>NOTAS CORTAS<\/p>\n\n\n\n<p>1.- Bien puesta la camiseta de la Secci\u00f3n 30 del SNTE trae el Profr. Ulises<br>Ruiz P\u00e9rez, quien por indicaciones del Profr. Arnulfo Rodr\u00edguez Trevi\u00f1o, Secretario<br>General del Comit\u00e9 Ejecutivo Seccional del magisterio tamaulipeco, atiende de<br>manera directa a sus compa\u00f1eras y compa\u00f1eros maestros, escuchando sus<br>necesidades y dando seguimiento a sus distintas problem\u00e1ticas.<br>Y es que el Matamorense Ruiz P\u00e9rez, ha sido fiel testigo de c\u00f3mo el l\u00edder<br>de la Secci\u00f3n 30 del SNTE Arnulfo Rodr\u00edguez Trevi\u00f1o, insiste en que los<br>hospitales como el ISSSTE, brinden una mejor atenci\u00f3n m\u00e9dica a la<br>derechohabiencia magisterial, sobre todo que existan los medicamentos<br>suficientes. Es obvio que trae todo el respaldo del m\u00e1ximo jerarca, el Mtro. Alfonso<br>Cepeda Salas.<br>2.- Este lunes 27 de abril los Honores a la Bandera que encabeza<br>tradicionalmente el gobernador Am\u00e9rico Villarreal Anaya, se llevaran a cabo en la<br>Escuela Primaria Republica de M\u00e9xico en Ciudad Victoria, ubicada en Rio San<br>Crist\u00f3bal 675, Col. San Marcos Dos, en punto de las 8 de la ma\u00f1ana. Est\u00e1n todos<br>invitados.<br>Y como cada lunes tambi\u00e9n en Jaumave, los Honores a la Bandera ser\u00e1n<br>en la explana de la presidencia municipal y los encabezar\u00e1 el alcalde Manuel B\u00e1ez<br>Mart\u00ednez, cabildo y los empleados municipales. Tambi\u00e9n est\u00e1n todos invitados.<br>Por hoy es todo, en la pr\u00f3xima seguiremos dialogando del acontecer<br>pol\u00edtico tamaulipeco.<\/p>\n","protected":false},"excerpt":{"rendered":"<p>domingo, 26 de abril de 2026 Dialogando *Los Honores a la Bandera que encabeza el gobernador Am\u00e9rico Villarreal Anaya,se llevaran a cabo en la Escuela Primaria Republica de M\u00e9xico en Ciudad Victoria,ubicada en Rio San Crist\u00f3bal 675, Col. San Marcos Dos, en punto de las 8 de lama\u00f1anaPor Roberto Olvera P\u00e9rezLa designaci\u00f3n de la mexiquense, &hellip;<\/p>\n","protected":false},"author":2,"featured_media":1191,"comment_status":"open","ping_status":"open","sticky":false,"template":"","format":"standard","meta":{"footnotes":""},"categories":[4],"tags":[],"class_list":["post-11975","post","type-post","status-publish","format-standard","has-post-thumbnail","","category-columnistas-fashion"],"_links":{"self":[{"href":"https:\/\/norestedigital.net\/index.php\/wp-json\/wp\/v2\/posts\/11975","targetHints":{"allow":["GET"]}}],"collection":[{"href":"https:\/\/norestedigital.net\/index.php\/wp-json\/wp\/v2\/posts"}],"about":[{"href":"https:\/\/norestedigital.net\/index.php\/wp-json\/wp\/v2\/types\/post"}],"author":[{"embeddable":true,"href":"https:\/\/norestedigital.net\/index.php\/wp-json\/wp\/v2\/users\/2"}],"replies":[{"embeddable":true,"href":"https:\/\/norestedigital.net\/index.php\/wp-json\/wp\/v2\/comments?post=11975"}],"version-history":[{"count":1,"href":"https:\/\/norestedigital.net\/index.php\/wp-json\/wp\/v2\/posts\/11975\/revisions"}],"predecessor-version":[{"id":11976,"href":"https:\/\/norestedigital.net\/index.php\/wp-json\/wp\/v2\/posts\/11975\/revisions\/11976"}],"wp:featuredmedia":[{"embeddable":true,"href":"https:\/\/norestedigital.net\/index.php\/wp-json\/wp\/v2\/media\/1191"}],"wp:attachment":[{"href":"https:\/\/norestedigital.net\/index.php\/wp-json\/wp\/v2\/media?parent=11975"}],"wp:term":[{"taxonomy":"category","embeddable":true,"href":"https:\/\/norestedigital.net\/index.php\/wp-json\/wp\/v2\/categories?post=11975"},{"taxonomy":"post_tag","embeddable":true,"href":"https:\/\/norestedigital.net\/index.php\/wp-json\/wp\/v2\/tags?post=11975"}],"curies":[{"name":"wp","href":"https:\/\/api.w.org\/{rel}","templated":true}]}}