{"id":1201,"date":"2026-04-29T02:26:00","date_gmt":"2026-04-29T08:26:00","guid":{"rendered":"https:\/\/norestedigital.net\/?p=1201"},"modified":"2026-04-28T22:26:32","modified_gmt":"2026-04-29T04:26:32","slug":"eje-sur-morena-cuando-la-narrativa-deja-de-ser-suficiente","status":"publish","type":"post","link":"https:\/\/norestedigital.net\/index.php\/2026\/04\/29\/eje-sur-morena-cuando-la-narrativa-deja-de-ser-suficiente\/","title":{"rendered":"Eje Sur \/\/\/ Morena: cuando la narrativa deja de ser suficiente"},"content":{"rendered":"\n<h5 class=\"wp-block-heading\">V\u00edctor Hugo Mart\u00ednez<\/h5>\n\n\n\n<p>En pol\u00edtica hay una f\u00f3rmula que nunca falla: cuando algo no funciona, siempre hay alguien a quien culpar.<\/p>\n\n\n\n<p>Durante a\u00f1os, en M\u00e9xico ese papel tuvo nombres claros: el PRI, el PAN, el pasado.<\/p>\n\n\n\n<p>La narrativa fue eficaz. Explicaba todo. Justificaba todo. Incluso lo que no ten\u00eda explicaci\u00f3n.<\/p>\n\n\n\n<p>Pero el tiempo, como el poder, no se detiene.<\/p>\n\n\n\n<p>Hoy, con un nuevo congreso nacional de Morena en puerta, el discurso vuelve a colocarse en el mismo punto de partida: los errores heredados, las inercias del pasado, los males que otros dejaron sembrados.<\/p>\n\n\n\n<p>El problema es que el pasado ya no gobierna.<\/p>\n\n\n\n<p>Despu\u00e9s de un sexenio de Andr\u00e9s Manuel L\u00f3pez Obrador y con el inicio&nbsp; del gobierno de Claudia Sheinbaum, Morena no solo administra el presente: lo define.<\/p>\n\n\n\n<p>Y ah\u00ed es donde la narrativa empieza a tensarse.<\/p>\n\n\n\n<p>Porque mientras se se\u00f1alan las fallas heredadas, tambi\u00e9n se acumulan decisiones propias.<\/p>\n\n\n\n<p>Nombramientos cuestionados, problemas estructurales sin resolver, casos de corrupci\u00f3n que ya no pueden explicarse con la palabra \u201cantes\u201d.<\/p>\n\n\n\n<p>La l\u00f3gica de la culpa funciona mientras se construye poder. Pero cuando el poder se ejerce, esa misma l\u00f3gica se vuelve insuficiente.<\/p>\n\n\n\n<p>No se trata de absolver al PRI o al PAN. Sus errores est\u00e1n documentados, sus excesos tambi\u00e9n. Pero tampoco se puede gobernar eternamente desde el retrovisor.<\/p>\n\n\n\n<p>El pr\u00f3ximo congreso de Morena no solo definir\u00e1 dirigencias o estructuras internas. Pondr\u00e1 a prueba algo m\u00e1s profundo: si el movimiento est\u00e1 dispuesto a asumirse como gobierno o si seguir\u00e1 actuando como oposici\u00f3n de s\u00ed mismo.<\/p>\n\n\n\n<p>Porque hay una diferencia clave entre se\u00f1alar culpables y asumir responsabilidades.<\/p>\n\n\n\n<p>La primera es \u00fatil en campa\u00f1a.<\/p>\n\n\n\n<p>La segunda es inevitable en el poder.<\/p>\n\n\n\n<p>Y en ese tr\u00e1nsito surge una pregunta que ya no puede posponerse: si despu\u00e9s de un sexenio y el arranque de otro, Morena sigue siendo visto como la \u201cesperanza\u201d o si esa narrativa empieza a desgastarse frente a la realidad. Porque m\u00e1s all\u00e1 de los programas sociales, el pa\u00eds enfrenta problemas estructurales que no se resuelven con discurso.&nbsp;<\/p>\n\n\n\n<p>La duda es si la sociedad est\u00e1 dispuesta a sostener esa promesa o si comenzar\u00e1 a exigir resultados que ya no admiten explicaci\u00f3n en el pasado.<\/p>\n\n\n\n<p>Y en alg\u00fan punto \u2014m\u00e1s temprano que tarde\u2014 esa diferencia deja de ser discurso\u2026 y se convierte en realidad.<\/p>\n","protected":false},"excerpt":{"rendered":"<p>V\u00edctor Hugo Mart\u00ednez En pol\u00edtica hay una f\u00f3rmula que nunca falla: cuando algo no funciona, siempre hay alguien a quien culpar. Durante a\u00f1os, en M\u00e9xico ese papel tuvo nombres claros: el PRI, el PAN, el pasado. La narrativa fue eficaz. Explicaba todo. Justificaba todo. Incluso lo que no ten\u00eda explicaci\u00f3n. Pero el tiempo, como el &hellip;<\/p>\n","protected":false},"author":1,"featured_media":12210,"comment_status":"open","ping_status":"open","sticky":false,"template":"","format":"standard","meta":{"footnotes":""},"categories":[4,62,54],"tags":[],"class_list":["post-1201","post","type-post","status-publish","format-standard","has-post-thumbnail","","category-columnistas-fashion","category-portada","category-tampico"],"_links":{"self":[{"href":"https:\/\/norestedigital.net\/index.php\/wp-json\/wp\/v2\/posts\/1201","targetHints":{"allow":["GET"]}}],"collection":[{"href":"https:\/\/norestedigital.net\/index.php\/wp-json\/wp\/v2\/posts"}],"about":[{"href":"https:\/\/norestedigital.net\/index.php\/wp-json\/wp\/v2\/types\/post"}],"author":[{"embeddable":true,"href":"https:\/\/norestedigital.net\/index.php\/wp-json\/wp\/v2\/users\/1"}],"replies":[{"embeddable":true,"href":"https:\/\/norestedigital.net\/index.php\/wp-json\/wp\/v2\/comments?post=1201"}],"version-history":[{"count":6,"href":"https:\/\/norestedigital.net\/index.php\/wp-json\/wp\/v2\/posts\/1201\/revisions"}],"predecessor-version":[{"id":12249,"href":"https:\/\/norestedigital.net\/index.php\/wp-json\/wp\/v2\/posts\/1201\/revisions\/12249"}],"wp:featuredmedia":[{"embeddable":true,"href":"https:\/\/norestedigital.net\/index.php\/wp-json\/wp\/v2\/media\/12210"}],"wp:attachment":[{"href":"https:\/\/norestedigital.net\/index.php\/wp-json\/wp\/v2\/media?parent=1201"}],"wp:term":[{"taxonomy":"category","embeddable":true,"href":"https:\/\/norestedigital.net\/index.php\/wp-json\/wp\/v2\/categories?post=1201"},{"taxonomy":"post_tag","embeddable":true,"href":"https:\/\/norestedigital.net\/index.php\/wp-json\/wp\/v2\/tags?post=1201"}],"curies":[{"name":"wp","href":"https:\/\/api.w.org\/{rel}","templated":true}]}}