{"id":12028,"date":"2026-04-25T08:50:50","date_gmt":"2026-04-25T14:50:50","guid":{"rendered":"https:\/\/norestedigital.net\/?p=12028"},"modified":"2026-04-27T08:52:17","modified_gmt":"2026-04-27T14:52:17","slug":"participa-tamaulipas-en-la-trigesima-primera-sesion-ordinaria-de-la-comision-de-secretarias-ejecutivas-de-proteccion-integral-comse","status":"publish","type":"post","link":"https:\/\/norestedigital.net\/index.php\/2026\/04\/25\/participa-tamaulipas-en-la-trigesima-primera-sesion-ordinaria-de-la-comision-de-secretarias-ejecutivas-de-proteccion-integral-comse\/","title":{"rendered":"Participa Tamaulipas en la Trig\u00e9sima Primera Sesi\u00f3n Ordinaria de la Comisi\u00f3n de Secretar\u00edas Ejecutivas de Protecci\u00f3n Integral (COMSE)"},"content":{"rendered":"\n<p>Abril 25 de 2026<\/p>\n\n\n\n<p>Oaxaca de Ju\u00e1rez.\u2013 Con el prop\u00f3sito de fortalecer la coordinaci\u00f3n interinstitucional y la toma de decisiones estrat\u00e9gicas para la protecci\u00f3n integral de ni\u00f1as, ni\u00f1os y adolescentes, la secretaria ejecutiva del SIPINNA Tamaulipas, Ivette Salazar M\u00e1rquez, particip\u00f3 en la Trig\u00e9sima Primera Sesi\u00f3n Ordinaria de la Comisi\u00f3n de Secretar\u00edas Ejecutivas de Protecci\u00f3n Integral de los Sistemas Nacional y de las Entidades Federativas (COMSE), realizada en el Palacio de Gobierno del Estado de Oaxaca.<\/p>\n\n\n\n<p>La sesi\u00f3n tuvo como objetivo consolidar acuerdos, reflexionar sobre pol\u00edticas p\u00fablicas y definir lineamientos que permitan avanzar de manera articulada y efectiva en la atenci\u00f3n de la infancia y la adolescencia.<\/p>\n\n\n\n<p>Durante su intervenci\u00f3n, Salazar M\u00e1rquez destac\u00f3 los avances en Tamaulipas en materia de educaci\u00f3n inclusiva, trastornos del neurodesarrollo y atenci\u00f3n a la discapacidad psicosocial, subrayando la importancia de implementar pol\u00edticas integrales con enfoque de derechos.<\/p>\n\n\n\n<p>Asimismo, se\u00f1al\u00f3 que en la entidad se impulsa una agenda humanista orientada a garantizar los derechos de ni\u00f1as, ni\u00f1os y adolescentes, en congruencia con la visi\u00f3n del gobernador Am\u00e9rico Villarreal Anaya.<\/p>\n\n\n\n<p>Como resultado de la sesi\u00f3n, se avanz\u00f3 en la construcci\u00f3n de acuerdos y en la definici\u00f3n de acciones coordinadas, adem\u00e1s de establecer 14 compromisos estrat\u00e9gicos orientados a fortalecer el cumplimiento de la ley general en la materia y su armonizaci\u00f3n en las entidades federativas.<\/p>\n","protected":false},"excerpt":{"rendered":"<p>Abril 25 de 2026 Oaxaca de Ju\u00e1rez.\u2013 Con el prop\u00f3sito de fortalecer la coordinaci\u00f3n interinstitucional y la toma de decisiones estrat\u00e9gicas para la protecci\u00f3n integral de ni\u00f1as, ni\u00f1os y adolescentes, la secretaria ejecutiva del SIPINNA Tamaulipas, Ivette Salazar M\u00e1rquez, particip\u00f3 en la Trig\u00e9sima Primera Sesi\u00f3n Ordinaria de la Comisi\u00f3n de Secretar\u00edas Ejecutivas de Protecci\u00f3n Integral &hellip;<\/p>\n","protected":false},"author":2,"featured_media":12029,"comment_status":"open","ping_status":"open","sticky":false,"template":"","format":"standard","meta":{"footnotes":""},"categories":[10],"tags":[],"class_list":["post-12028","post","type-post","status-publish","format-standard","has-post-thumbnail","","category-tam"],"_links":{"self":[{"href":"https:\/\/norestedigital.net\/index.php\/wp-json\/wp\/v2\/posts\/12028","targetHints":{"allow":["GET"]}}],"collection":[{"href":"https:\/\/norestedigital.net\/index.php\/wp-json\/wp\/v2\/posts"}],"about":[{"href":"https:\/\/norestedigital.net\/index.php\/wp-json\/wp\/v2\/types\/post"}],"author":[{"embeddable":true,"href":"https:\/\/norestedigital.net\/index.php\/wp-json\/wp\/v2\/users\/2"}],"replies":[{"embeddable":true,"href":"https:\/\/norestedigital.net\/index.php\/wp-json\/wp\/v2\/comments?post=12028"}],"version-history":[{"count":1,"href":"https:\/\/norestedigital.net\/index.php\/wp-json\/wp\/v2\/posts\/12028\/revisions"}],"predecessor-version":[{"id":12030,"href":"https:\/\/norestedigital.net\/index.php\/wp-json\/wp\/v2\/posts\/12028\/revisions\/12030"}],"wp:featuredmedia":[{"embeddable":true,"href":"https:\/\/norestedigital.net\/index.php\/wp-json\/wp\/v2\/media\/12029"}],"wp:attachment":[{"href":"https:\/\/norestedigital.net\/index.php\/wp-json\/wp\/v2\/media?parent=12028"}],"wp:term":[{"taxonomy":"category","embeddable":true,"href":"https:\/\/norestedigital.net\/index.php\/wp-json\/wp\/v2\/categories?post=12028"},{"taxonomy":"post_tag","embeddable":true,"href":"https:\/\/norestedigital.net\/index.php\/wp-json\/wp\/v2\/tags?post=12028"}],"curies":[{"name":"wp","href":"https:\/\/api.w.org\/{rel}","templated":true}]}}