{"id":12037,"date":"2026-04-25T08:58:23","date_gmt":"2026-04-25T14:58:23","guid":{"rendered":"https:\/\/norestedigital.net\/?p=12037"},"modified":"2026-04-27T10:14:13","modified_gmt":"2026-04-27T16:14:13","slug":"fortalece-tamaulipas-la-proteccion-de-la-ninez-en-encuentro-regional-de-sipinna-en-oaxaca","status":"publish","type":"post","link":"https:\/\/norestedigital.net\/index.php\/2026\/04\/25\/fortalece-tamaulipas-la-proteccion-de-la-ninez-en-encuentro-regional-de-sipinna-en-oaxaca\/","title":{"rendered":"Fortalece Tamaulipas la protecci\u00f3n de la ni\u00f1ez en Encuentro Regional de SIPINNA en Oaxaca"},"content":{"rendered":"\n<p>Abril 25 de 2026<\/p>\n\n\n\n<p>Oaxaca de Ju\u00e1rez.\u2013 En el marco del compromiso del Gobierno de Tamaulipas con la protecci\u00f3n y garant\u00eda de los derechos de ni\u00f1as, ni\u00f1os y adolescentes, se llev\u00f3 a cabo el Encuentro Regional de Sistemas Municipales de Protecci\u00f3n Integral de Ni\u00f1as, Ni\u00f1os y Adolescentes (SIPINNA), consolid\u00e1ndose como un espacio estrat\u00e9gico para fortalecer la coordinaci\u00f3n interinstitucional en el pa\u00eds.<\/p>\n\n\n\n<p>El encuentro tuvo como objetivo reforzar la responsabilidad de los gobiernos estatales y municipales en la protecci\u00f3n integral de la ni\u00f1ez y la adolescencia, mediante el di\u00e1logo, la articulaci\u00f3n de esfuerzos y la definici\u00f3n de acciones concretas que permitan avanzar en la construcci\u00f3n de entornos seguros y protectores.<\/p>\n\n\n\n<p>El evento cont\u00f3 con la participaci\u00f3n del gobernador del Estado de Oaxaca, Salom\u00f3n Jara Cruz, as\u00ed como de representantes estatales y municipales. Tambi\u00e9n asistieron autoridades federales de organismos como CONASAMA, adem\u00e1s de instancias como Leche para el Bienestar y Programas para el Bienestar, junto con alcaldes y representantes de los SIPINNA estatales y municipales.<\/p>\n\n\n\n<p>En representaci\u00f3n de Tamaulipas particip\u00f3 la secretaria ejecutiva del SIPINNA estatal, Ivette Salazar M\u00e1rquez, quien reafirm\u00f3 el compromiso de la entidad con la garant\u00eda de los derechos de la ni\u00f1ez y la adolescencia.<\/p>\n\n\n\n<p>Durante su intervenci\u00f3n, destac\u00f3 que en Tamaulipas se impulsa una pol\u00edtica p\u00fablica integral que coloca a ni\u00f1as, ni\u00f1os y adolescentes en el centro de las decisiones, fortaleciendo la coordinaci\u00f3n institucional y promoviendo entornos m\u00e1s justos, seguros y con mayores oportunidades.<\/p>\n\n\n\n<p>Con este tipo de espacios, Tamaulipas refrenda su compromiso de trabajar de manera coordinada con los distintos \u00f3rdenes de gobierno para garantizar el desarrollo integral y el bienestar de la ni\u00f1ez y adolescencia.<\/p>\n\n\n\n<p>***<\/p>\n\n\n\n<figure class=\"wp-block-image\"><a href=\"https:\/\/www.tamaulipas.gob.mx\/wp-content\/uploads\/2026\/04\/NNA-012-2026.-Fortalece-Tamaulipas-la-proteccion-de-la-ninez-en-Encuentro-Regional-de-SIPINNA-en-Oaxaca-4.jpeg\"><img decoding=\"async\" src=\"https:\/\/www.tamaulipas.gob.mx\/wp-content\/uploads\/2026\/04\/NNA-012-2026.-Fortalece-Tamaulipas-la-proteccion-de-la-ninez-en-Encuentro-Regional-de-SIPINNA-en-Oaxaca-4-850x500.jpeg\" alt=\"\"\/><\/a><\/figure>\n","protected":false},"excerpt":{"rendered":"<p>Abril 25 de 2026 Oaxaca de Ju\u00e1rez.\u2013 En el marco del compromiso del Gobierno de Tamaulipas con la protecci\u00f3n y garant\u00eda de los derechos de ni\u00f1as, ni\u00f1os y adolescentes, se llev\u00f3 a cabo el Encuentro Regional de Sistemas Municipales de Protecci\u00f3n Integral de Ni\u00f1as, Ni\u00f1os y Adolescentes (SIPINNA), consolid\u00e1ndose como un espacio estrat\u00e9gico para fortalecer &hellip;<\/p>\n","protected":false},"author":2,"featured_media":12038,"comment_status":"open","ping_status":"open","sticky":false,"template":"","format":"standard","meta":{"footnotes":""},"categories":[10],"tags":[],"class_list":["post-12037","post","type-post","status-publish","format-standard","has-post-thumbnail","","category-tam"],"_links":{"self":[{"href":"https:\/\/norestedigital.net\/index.php\/wp-json\/wp\/v2\/posts\/12037","targetHints":{"allow":["GET"]}}],"collection":[{"href":"https:\/\/norestedigital.net\/index.php\/wp-json\/wp\/v2\/posts"}],"about":[{"href":"https:\/\/norestedigital.net\/index.php\/wp-json\/wp\/v2\/types\/post"}],"author":[{"embeddable":true,"href":"https:\/\/norestedigital.net\/index.php\/wp-json\/wp\/v2\/users\/2"}],"replies":[{"embeddable":true,"href":"https:\/\/norestedigital.net\/index.php\/wp-json\/wp\/v2\/comments?post=12037"}],"version-history":[{"count":1,"href":"https:\/\/norestedigital.net\/index.php\/wp-json\/wp\/v2\/posts\/12037\/revisions"}],"predecessor-version":[{"id":12039,"href":"https:\/\/norestedigital.net\/index.php\/wp-json\/wp\/v2\/posts\/12037\/revisions\/12039"}],"wp:featuredmedia":[{"embeddable":true,"href":"https:\/\/norestedigital.net\/index.php\/wp-json\/wp\/v2\/media\/12038"}],"wp:attachment":[{"href":"https:\/\/norestedigital.net\/index.php\/wp-json\/wp\/v2\/media?parent=12037"}],"wp:term":[{"taxonomy":"category","embeddable":true,"href":"https:\/\/norestedigital.net\/index.php\/wp-json\/wp\/v2\/categories?post=12037"},{"taxonomy":"post_tag","embeddable":true,"href":"https:\/\/norestedigital.net\/index.php\/wp-json\/wp\/v2\/tags?post=12037"}],"curies":[{"name":"wp","href":"https:\/\/api.w.org\/{rel}","templated":true}]}}