{"id":12087,"date":"2026-04-27T19:32:24","date_gmt":"2026-04-28T01:32:24","guid":{"rendered":"https:\/\/norestedigital.net\/?p=12087"},"modified":"2026-04-27T19:32:26","modified_gmt":"2026-04-28T01:32:26","slug":"armando-martinez-impulsa-monumento-a-cuco-sanchez-en-plaza-garibaldi","status":"publish","type":"post","link":"https:\/\/norestedigital.net\/index.php\/2026\/04\/27\/armando-martinez-impulsa-monumento-a-cuco-sanchez-en-plaza-garibaldi\/","title":{"rendered":"Armando Mart\u00ednez impulsa monumento a Cuco S\u00e1nchez en Plaza Garibaldi"},"content":{"rendered":"\n<p>Armando Mart\u00ednez impulsa monumento a Cuco S\u00e1nchez en Plaza Garibaldi<\/p>\n\n\n\n<p>Por Agustin Pe\u00f1a Cruz<br>Ciudad Altamira, Tamps.- El legado del compositor tamaulipeco Cuco S\u00e1nchez, una de las figuras m\u00e1s influyentes de la m\u00fasica ranchera del siglo XX, est\u00e1 a punto de encontrar un nuevo espacio de reconocimiento en el coraz\u00f3n simb\u00f3lico de la m\u00fasica mexicana. El alcalde de Altamira, Armando Mart\u00ednez Manr\u00edquez, confirm\u00f3 que su administraci\u00f3n gestiona la instalaci\u00f3n de un monumento en la Plaza Garibaldi, en la capital del pa\u00eds, con el prop\u00f3sito de rendir homenaje permanente al artista.<br>\u201cPor fin va a tener un espacio digno Cuco S\u00e1nchez en Plaza Garibaldi, algo que no se hab\u00eda dado\u201d, afirm\u00f3 el edil, al subrayar la relevancia cultural de incorporar al m\u00fasico altamirense en un sitio donde convergen figuras emblem\u00e1ticas del cancionero nacional. \u201cAh\u00ed est\u00e1n artistas de renombre, y qu\u00e9 mejor que un altamirense\u201d, a\u00f1adi\u00f3.<br>La iniciativa, explic\u00f3, se encuentra en una fase clave de negociaci\u00f3n jur\u00eddica con la alcald\u00eda Cuauht\u00e9moc, demarcaci\u00f3n que resguarda el hist\u00f3rico recinto. Mart\u00ednez Manr\u00edquez detall\u00f3 que ya sostuvo reuniones con autoridades culturales locales, adem\u00e1s de realizar un recorrido t\u00e9cnico en la zona junto al escultor encargado del proyecto, identificado como Ariel, quien cuenta con experiencia en obras similares dentro del mismo espacio.<br>\u201cEstamos esperando el permiso del convenio que queremos hacer con la alcald\u00eda Cuauht\u00e9moc, donde otorgar\u00edamos en resguardo la estatua\u201d, precis\u00f3. Este acuerdo permitir\u00e1 formalizar la colocaci\u00f3n de la escultura y garantizar su preservaci\u00f3n en uno de los puntos tur\u00edsticos m\u00e1s representativos de la capital mexicana.<br>De concretarse los tr\u00e1mites en curso, la obra podr\u00eda concluirse en un plazo estimado de tres a cuatro meses. \u201cCalculamos que en ese tiempo vamos a poder develar la estatua de Cuco S\u00e1nchez, que debe estar en ese lugar donde est\u00e1n los ilustres mexicanos\u201d, se\u00f1al\u00f3 el alcalde.<br>La Plaza Garibaldi, reconocida internacionalmente como epicentro del mariachi y la m\u00fasica tradicional mexicana, alberga actualmente esculturas de figuras como Pedro Infante, Lola Beltr\u00e1n y Mart\u00edn Urieta, entre otros exponentes cuya obra ha trascendido generaciones. En ese contexto, la incorporaci\u00f3n de Cuco S\u00e1nchez busca consolidar su lugar dentro de ese pante\u00f3n cultural.<br>El compositor, autor de piezas emblem\u00e1ticas como \u201cLa Cama de Piedra\u201d, \u201cAnillo de Bodas\u201d y \u201cEl Mil Amores\u201d, no solo dej\u00f3 una huella profunda en la m\u00fasica, sino tambi\u00e9n en el cine mexicano, donde particip\u00f3 como actor y cantante. \u201cSus canciones formaron una gran escuela y una herencia cultural enorme\u201d, destac\u00f3 Mart\u00ednez Manr\u00edquez.<br>M\u00e1s all\u00e1 del reconocimiento art\u00edstico, el proyecto tiene una dimensi\u00f3n identitaria para Altamira, municipio que busca proyectar a nivel nacional e internacional el aporte de uno de sus ciudadanos m\u00e1s ilustres. \u201cQueremos dejar establecido que tenemos un altamirense que le dio lustre no solo a la ciudad o al estado, sino al pa\u00eds e incluso a nivel internacional\u201d, afirm\u00f3 el edil.<br>En paralelo a las gestiones en la capital, el gobierno municipal prepara una serie de actividades conmemorativas para el pr\u00f3ximo 3 de mayo, fecha del natalicio de Cuco S\u00e1nchez. Los eventos se desarrollar\u00e1n en Altamira, donde se espera la participaci\u00f3n de autoridades, artistas y ciudadan\u00eda en general. \u201cLo vamos a celebrar recordando a este ilustre altamirense\u201d, indic\u00f3.<br>El programa contempla un acto en la glorieta dedicada al compositor, seguido de presentaciones musicales en espacios p\u00fablicos, en las que se interpretar\u00e1n algunas de sus obras m\u00e1s representativas. La intenci\u00f3n, seg\u00fan el alcalde, es reforzar la memoria colectiva en torno a su figura y acercar su legado a nuevas generaciones.<br>\u201cQueremos que est\u00e9 ah\u00ed plasmado su recuerdo y que se le reconozca como lo que merecen los grandes\u201d, concluy\u00f3 Mart\u00ednez Manr\u00edquez, al insistir en que el proyecto no solo busca honrar el pasado, sino tambi\u00e9n consolidar un s\u00edmbolo duradero de identidad cultural mexicana.<\/p>\n","protected":false},"excerpt":{"rendered":"<p>Armando Mart\u00ednez impulsa monumento a Cuco S\u00e1nchez en Plaza Garibaldi Por Agustin Pe\u00f1a CruzCiudad Altamira, Tamps.- El legado del compositor tamaulipeco Cuco S\u00e1nchez, una de las figuras m\u00e1s influyentes de la m\u00fasica ranchera del siglo XX, est\u00e1 a punto de encontrar un nuevo espacio de reconocimiento en el coraz\u00f3n simb\u00f3lico de la m\u00fasica mexicana. El &hellip;<\/p>\n","protected":false},"author":2,"featured_media":12089,"comment_status":"open","ping_status":"open","sticky":false,"template":"","format":"standard","meta":{"footnotes":""},"categories":[52,2],"tags":[],"class_list":["post-12087","post","type-post","status-publish","format-standard","has-post-thumbnail","","category-altamira","category-mun"],"_links":{"self":[{"href":"https:\/\/norestedigital.net\/index.php\/wp-json\/wp\/v2\/posts\/12087","targetHints":{"allow":["GET"]}}],"collection":[{"href":"https:\/\/norestedigital.net\/index.php\/wp-json\/wp\/v2\/posts"}],"about":[{"href":"https:\/\/norestedigital.net\/index.php\/wp-json\/wp\/v2\/types\/post"}],"author":[{"embeddable":true,"href":"https:\/\/norestedigital.net\/index.php\/wp-json\/wp\/v2\/users\/2"}],"replies":[{"embeddable":true,"href":"https:\/\/norestedigital.net\/index.php\/wp-json\/wp\/v2\/comments?post=12087"}],"version-history":[{"count":1,"href":"https:\/\/norestedigital.net\/index.php\/wp-json\/wp\/v2\/posts\/12087\/revisions"}],"predecessor-version":[{"id":12091,"href":"https:\/\/norestedigital.net\/index.php\/wp-json\/wp\/v2\/posts\/12087\/revisions\/12091"}],"wp:featuredmedia":[{"embeddable":true,"href":"https:\/\/norestedigital.net\/index.php\/wp-json\/wp\/v2\/media\/12089"}],"wp:attachment":[{"href":"https:\/\/norestedigital.net\/index.php\/wp-json\/wp\/v2\/media?parent=12087"}],"wp:term":[{"taxonomy":"category","embeddable":true,"href":"https:\/\/norestedigital.net\/index.php\/wp-json\/wp\/v2\/categories?post=12087"},{"taxonomy":"post_tag","embeddable":true,"href":"https:\/\/norestedigital.net\/index.php\/wp-json\/wp\/v2\/tags?post=12087"}],"curies":[{"name":"wp","href":"https:\/\/api.w.org\/{rel}","templated":true}]}}