{"id":12125,"date":"2026-04-27T20:17:46","date_gmt":"2026-04-28T02:17:46","guid":{"rendered":"https:\/\/norestedigital.net\/?p=12125"},"modified":"2026-04-27T20:17:49","modified_gmt":"2026-04-28T02:17:49","slug":"fortalece-sector-salud-acciones-durante-la-semana-nacional-de-vacunacion-2026","status":"publish","type":"post","link":"https:\/\/norestedigital.net\/index.php\/2026\/04\/27\/fortalece-sector-salud-acciones-durante-la-semana-nacional-de-vacunacion-2026\/","title":{"rendered":"Fortalece Sector Salud acciones durante la Semana Nacional de Vacunaci\u00f3n 2026"},"content":{"rendered":"\n<p>Abril 27 de 2026<\/p>\n\n\n\n<p>Ciudad Victoria, Tamaulipas.\u2013 En el marco de la Semana Nacional de Vacunaci\u00f3n 2026, que se desarrolla del 25 de abril al 2 de mayo, el Sector Salud intensifica las acciones para fortalecer el Programa Universal de Vacunaci\u00f3n, con el objetivo de recuperar esquemas, incrementar coberturas y sensibilizar a la poblaci\u00f3n sobre la importancia de la vacunaci\u00f3n oportuna.<\/p>\n\n\n\n<p>Durante esta jornada, se tiene como meta la aplicaci\u00f3n de m\u00e1s de 48 mil dosis en todo el estado, dirigidas a reci\u00e9n nacidos, ni\u00f1as, ni\u00f1os, mujeres embarazadas, personas adultas mayores y poblaci\u00f3n en general, conforme al esquema nacional de vacunaci\u00f3n.<\/p>\n\n\n\n<p>La secretaria de Salud, Adriana Marcela Hern\u00e1ndez Campos, destac\u00f3 que como parte de esta campa\u00f1a se incorpora una nueva vacuna dirigida a mujeres embarazadas: la vacuna contra el Virus Sincitial Respiratorio (VSR), la cual protege a los reci\u00e9n nacidos contra infecciones respiratorias graves como bronquiolitis y neumon\u00eda.<\/p>\n\n\n\n<p>Explic\u00f3 que este biol\u00f3gico debe aplicarse entre las semanas 32 y 36 de gestaci\u00f3n, permitiendo que la madre genere anticuerpos que ser\u00e1n transmitidos al beb\u00e9 a trav\u00e9s de la placenta, brind\u00e1ndole protecci\u00f3n durante sus primeros meses de vida.<\/p>\n\n\n\n<p>Asimismo, se continuar\u00e1 con la aplicaci\u00f3n de la vacuna Tdpa (t\u00e9tanos, difteria y tos ferina), considerada fundamental durante el embarazo.<\/p>\n\n\n\n<p>El Virus Sincitial Respiratorio representa un riesgo significativo para menores de un a\u00f1o y hasta los dos a\u00f1os de edad, al ser causante de infecciones respiratorias severas, especialmente en temporada invernal; por ello, la incorporaci\u00f3n de esta vacuna constituye un avance relevante en la protecci\u00f3n de la salud infantil desde la etapa gestacional.<\/p>\n\n\n\n<p>Finalmente, la titular de la dependencia hizo un llamado a la poblaci\u00f3n para revisar su cartilla de vacunaci\u00f3n y acudir a los m\u00f3dulos correspondientes, ubicados en unidades del IMSS, ISSSTE y centros de salud, con el fin de completar sus esquemas y aprovechar esta jornada intensiva.<\/p>\n\n\n\n<p>***<\/p>\n\n\n\n<figure class=\"wp-block-image\"><a href=\"https:\/\/www.tamaulipas.gob.mx\/wp-content\/uploads\/2026\/04\/SST-072-2026.-Fortalece-Sector-Salud-acciones-durante-la-Semana-Nacional-de-Vacunacion-2026-1.jpeg\"><img decoding=\"async\" src=\"https:\/\/www.tamaulipas.gob.mx\/wp-content\/uploads\/2026\/04\/SST-072-2026.-Fortalece-Sector-Salud-acciones-durante-la-Semana-Nacional-de-Vacunacion-2026-1-850x500.jpeg\" alt=\"\"\/><\/a><\/figure>\n","protected":false},"excerpt":{"rendered":"<p>Abril 27 de 2026 Ciudad Victoria, Tamaulipas.\u2013 En el marco de la Semana Nacional de Vacunaci\u00f3n 2026, que se desarrolla del 25 de abril al 2 de mayo, el Sector Salud intensifica las acciones para fortalecer el Programa Universal de Vacunaci\u00f3n, con el objetivo de recuperar esquemas, incrementar coberturas y sensibilizar a la poblaci\u00f3n sobre &hellip;<\/p>\n","protected":false},"author":2,"featured_media":12126,"comment_status":"open","ping_status":"open","sticky":false,"template":"","format":"standard","meta":{"footnotes":""},"categories":[56],"tags":[],"class_list":["post-12125","post","type-post","status-publish","format-standard","has-post-thumbnail","","category-salud"],"_links":{"self":[{"href":"https:\/\/norestedigital.net\/index.php\/wp-json\/wp\/v2\/posts\/12125","targetHints":{"allow":["GET"]}}],"collection":[{"href":"https:\/\/norestedigital.net\/index.php\/wp-json\/wp\/v2\/posts"}],"about":[{"href":"https:\/\/norestedigital.net\/index.php\/wp-json\/wp\/v2\/types\/post"}],"author":[{"embeddable":true,"href":"https:\/\/norestedigital.net\/index.php\/wp-json\/wp\/v2\/users\/2"}],"replies":[{"embeddable":true,"href":"https:\/\/norestedigital.net\/index.php\/wp-json\/wp\/v2\/comments?post=12125"}],"version-history":[{"count":1,"href":"https:\/\/norestedigital.net\/index.php\/wp-json\/wp\/v2\/posts\/12125\/revisions"}],"predecessor-version":[{"id":12127,"href":"https:\/\/norestedigital.net\/index.php\/wp-json\/wp\/v2\/posts\/12125\/revisions\/12127"}],"wp:featuredmedia":[{"embeddable":true,"href":"https:\/\/norestedigital.net\/index.php\/wp-json\/wp\/v2\/media\/12126"}],"wp:attachment":[{"href":"https:\/\/norestedigital.net\/index.php\/wp-json\/wp\/v2\/media?parent=12125"}],"wp:term":[{"taxonomy":"category","embeddable":true,"href":"https:\/\/norestedigital.net\/index.php\/wp-json\/wp\/v2\/categories?post=12125"},{"taxonomy":"post_tag","embeddable":true,"href":"https:\/\/norestedigital.net\/index.php\/wp-json\/wp\/v2\/tags?post=12125"}],"curies":[{"name":"wp","href":"https:\/\/api.w.org\/{rel}","templated":true}]}}