{"id":12131,"date":"2026-04-27T20:27:30","date_gmt":"2026-04-28T02:27:30","guid":{"rendered":"https:\/\/norestedigital.net\/?p=12131"},"modified":"2026-04-27T20:27:32","modified_gmt":"2026-04-28T02:27:32","slug":"avanza-congreso-en-proceso-para-designar-a-la-persona-titular-del-organo-interno-de-control-de-la-fiscalia","status":"publish","type":"post","link":"https:\/\/norestedigital.net\/index.php\/2026\/04\/27\/avanza-congreso-en-proceso-para-designar-a-la-persona-titular-del-organo-interno-de-control-de-la-fiscalia\/","title":{"rendered":"Avanza Congreso en proceso para designar a la persona Titular del \u00d3rgano Interno de Control de la Fiscal\u00eda"},"content":{"rendered":"\n<figure class=\"wp-block-table\"><table class=\"has-fixed-layout\"><tbody><tr><td>&nbsp;lunes, 27 de abril de 2026<\/td><\/tr><tr><td colspan=\"2\"><\/td><\/tr><tr><td colspan=\"2\">A trav\u00e9s de las comisiones de Anticorrupci\u00f3n, de Transparencia y Acceso a la Informaci\u00f3n P\u00fablica, y Vigilancia de la Auditor\u00eda Superior del Estado, el Poder Legislativo dio continuidad al proceso de selecci\u00f3n para la designaci\u00f3n de la persona Titular del \u00d3rgano Interno de Control de la Fiscal\u00eda General de Justicia del Estado.<br><br>Luego del an\u00e1lisis de los expedientes, las y los diputados dictaminaron procedente la participaci\u00f3n de las y los aspirantes, al acreditar lo establecido en el art\u00edculo 57 de la Ley Org\u00e1nica de la Fiscal\u00eda General de Justicia del Estado, as\u00ed como las bases previstas en la convocatoria emitida por la Junta de Gobierno del Congreso local.<br><br>Como parte de esta siguiente fase, las entrevistas se llevar\u00e1n a cabo el martes 5 de mayo en la Sala de Comisiones \u201cRevoluci\u00f3n\u201d, conforme al siguiente calendario:<br><br>\u2022 Rub\u00e9n Azamar P\u00e9rez, 12:00 horas<br>\u2022 Gladys Teresa Torres Castillo, 12:40 horas<br>\u2022 Guadalupe Hern\u00e1ndez Tinajero, 13:20 horas<br>\u2022 Evaristo Alejandro Vera Higuera, 14:00 horas<br>\u2022 Francisco Javier Ruiz Reta, 14:40 horas<br>\u2022 Juan Armando Barr\u00f3n P\u00e9rez, 15:20 horas<br>\u2022 Javier Hern\u00e1ndez P\u00e9rez, 16:00 horas<br>\u2022 Alberto Guadalupe C\u00f3rdova Lerma, 16:40 horas<br><br>Concluidas las entrevistas, las comisiones unidas emitir\u00e1n el dictamen con la lista de personas candidatas aptas para ser sometidas a votaci\u00f3n del Pleno Legislativo, instancia que realizar\u00e1 la designaci\u00f3n mediante el voto de las dos terceras partes de las y los diputados presentes, conforme al marco constitucional y legal aplicable.<\/td><\/tr><\/tbody><\/table><\/figure>\n","protected":false},"excerpt":{"rendered":"<p>&nbsp;lunes, 27 de abril de 2026A trav\u00e9s de las comisiones de Anticorrupci\u00f3n, de Transparencia y Acceso a la Informaci\u00f3n P\u00fablica, y Vigilancia de la Auditor\u00eda Superior del Estado, el Poder Legislativo dio continuidad al proceso de selecci\u00f3n para la designaci\u00f3n de la persona Titular del \u00d3rgano Interno de Control de la Fiscal\u00eda General de Justicia &hellip;<\/p>\n","protected":false},"author":2,"featured_media":12132,"comment_status":"open","ping_status":"open","sticky":false,"template":"","format":"standard","meta":{"footnotes":""},"categories":[46],"tags":[],"class_list":["post-12131","post","type-post","status-publish","format-standard","has-post-thumbnail","","category-congreso"],"_links":{"self":[{"href":"https:\/\/norestedigital.net\/index.php\/wp-json\/wp\/v2\/posts\/12131","targetHints":{"allow":["GET"]}}],"collection":[{"href":"https:\/\/norestedigital.net\/index.php\/wp-json\/wp\/v2\/posts"}],"about":[{"href":"https:\/\/norestedigital.net\/index.php\/wp-json\/wp\/v2\/types\/post"}],"author":[{"embeddable":true,"href":"https:\/\/norestedigital.net\/index.php\/wp-json\/wp\/v2\/users\/2"}],"replies":[{"embeddable":true,"href":"https:\/\/norestedigital.net\/index.php\/wp-json\/wp\/v2\/comments?post=12131"}],"version-history":[{"count":1,"href":"https:\/\/norestedigital.net\/index.php\/wp-json\/wp\/v2\/posts\/12131\/revisions"}],"predecessor-version":[{"id":12133,"href":"https:\/\/norestedigital.net\/index.php\/wp-json\/wp\/v2\/posts\/12131\/revisions\/12133"}],"wp:featuredmedia":[{"embeddable":true,"href":"https:\/\/norestedigital.net\/index.php\/wp-json\/wp\/v2\/media\/12132"}],"wp:attachment":[{"href":"https:\/\/norestedigital.net\/index.php\/wp-json\/wp\/v2\/media?parent=12131"}],"wp:term":[{"taxonomy":"category","embeddable":true,"href":"https:\/\/norestedigital.net\/index.php\/wp-json\/wp\/v2\/categories?post=12131"},{"taxonomy":"post_tag","embeddable":true,"href":"https:\/\/norestedigital.net\/index.php\/wp-json\/wp\/v2\/tags?post=12131"}],"curies":[{"name":"wp","href":"https:\/\/api.w.org\/{rel}","templated":true}]}}