{"id":12134,"date":"2026-04-27T20:33:30","date_gmt":"2026-04-28T02:33:30","guid":{"rendered":"https:\/\/norestedigital.net\/?p=12134"},"modified":"2026-04-27T20:33:32","modified_gmt":"2026-04-28T02:33:32","slug":"impulsan-desde-el-congreso-participacion-infantil-con-propuestas-en-favor-de-la-inclusion-educativa","status":"publish","type":"post","link":"https:\/\/norestedigital.net\/index.php\/2026\/04\/27\/impulsan-desde-el-congreso-participacion-infantil-con-propuestas-en-favor-de-la-inclusion-educativa\/","title":{"rendered":"Impulsan desde el Congreso participaci\u00f3n infantil con propuestas en favor de la inclusi\u00f3n educativa"},"content":{"rendered":"\n<figure class=\"wp-block-table\"><table class=\"has-fixed-layout\"><tbody><tr><td>lunes, 27 de abril de 2026<\/td><\/tr><tr><td colspan=\"2\"><\/td><\/tr><tr><td colspan=\"2\">En el Congreso local se desarrollaron los trabajos del Segundo Parlamento Infantil del Consejo Consultivo del Observatorio Participativo e Inclusivo de Ni\u00f1as, Ni\u00f1os y Adolescentes de Tamaulipas, donde los infantes vivieron una jornada legislativa que incluy\u00f3 reuni\u00f3n de comisiones y sesi\u00f3n plenaria, en la que presentaron, analizaron y aprobaron una iniciativa orientada a fortalecer la inclusi\u00f3n educativa.<br><br>Durante la ceremonia inaugural, el presidente de la Junta de Gobierno, diputado Humberto Armando Prieto Herrera, destac\u00f3 la importancia de escuchar a las infancias como parte fundamental en la construcci\u00f3n de un mejor Tamaulipas.<br><br>\u201cHoy este Congreso les da voz, los escucha con seriedad y con la convicci\u00f3n de que muchas de las mejores respuestas a los desaf\u00edos que enfrentamos pueden venir precisamente de ustedes\u201d, expres\u00f3.<br><br>Como parte de las actividades parlamentarias, se llev\u00f3 a cabo una reuni\u00f3n de comisi\u00f3n integrada por las y los diputados infantiles Fernanda Sol\u00eds Alaffa, Ad\u00e1n Noel Dom\u00ednguez Mart\u00ednez, Denssel Alesandro G\u00f3mez Maldonado, C\u00e9sar Eduardo De La Garza Sald\u00edvar y Julia Nirvana Trujillo Mart\u00ednez, donde fue analizada y dictaminada la iniciativa con Proyecto de Decreto para incorporar la figura del \u201cmaestro sombra\u201d en la legislaci\u00f3n estatal, como apoyo especializado para ni\u00f1as, ni\u00f1os y adolescentes con condici\u00f3n del espectro autista y trastornos del neurodesarrollo.<br><br>En este marco, la legisladora Yuriria Iturbe V\u00e1zquez reconoci\u00f3 la participaci\u00f3n responsable de las y los integrantes del Parlamento Infantil y subray\u00f3 que sus ideas son fundamentales para la labor legislativa.<br>\u201cCada vez que ustedes opinan y dicen lo que piensan es muy valioso; participen siempre, porque sus voces importan y ayudan a construir un mejor entorno para todas y todos\u201d, resalt\u00f3.<br><br>Posteriormente, en sesi\u00f3n plenaria, las y los parlamentarios infantiles aprobaron la propuesta para fortalecer el marco jur\u00eddico estatal mediante el reconocimiento del \u201cmaestro sombra\u201d, iniciativa encaminada a garantizar mayores apoyos para la inclusi\u00f3n y permanencia escolar de estudiantes con necesidades espec\u00edficas.<br><br>Durante la sesi\u00f3n, el diputado y consejero infantil, Diego Estrada Navarro, del municipio de Ciudad Madero, agradeci\u00f3 al Congreso del Estado por brindar este espacio de participaci\u00f3n y destac\u00f3 que este ejercicio demuestra que en Tamaulipas las voces de ni\u00f1as, ni\u00f1os y adolescentes son escuchadas y tomadas en cuenta en la construcci\u00f3n de pol\u00edticas p\u00fablicas.<\/td><\/tr><\/tbody><\/table><\/figure>\n","protected":false},"excerpt":{"rendered":"<p>lunes, 27 de abril de 2026En el Congreso local se desarrollaron los trabajos del Segundo Parlamento Infantil del Consejo Consultivo del Observatorio Participativo e Inclusivo de Ni\u00f1as, Ni\u00f1os y Adolescentes de Tamaulipas, donde los infantes vivieron una jornada legislativa que incluy\u00f3 reuni\u00f3n de comisiones y sesi\u00f3n plenaria, en la que presentaron, analizaron y aprobaron una &hellip;<\/p>\n","protected":false},"author":2,"featured_media":12135,"comment_status":"open","ping_status":"open","sticky":false,"template":"","format":"standard","meta":{"footnotes":""},"categories":[46],"tags":[],"class_list":["post-12134","post","type-post","status-publish","format-standard","has-post-thumbnail","","category-congreso"],"_links":{"self":[{"href":"https:\/\/norestedigital.net\/index.php\/wp-json\/wp\/v2\/posts\/12134","targetHints":{"allow":["GET"]}}],"collection":[{"href":"https:\/\/norestedigital.net\/index.php\/wp-json\/wp\/v2\/posts"}],"about":[{"href":"https:\/\/norestedigital.net\/index.php\/wp-json\/wp\/v2\/types\/post"}],"author":[{"embeddable":true,"href":"https:\/\/norestedigital.net\/index.php\/wp-json\/wp\/v2\/users\/2"}],"replies":[{"embeddable":true,"href":"https:\/\/norestedigital.net\/index.php\/wp-json\/wp\/v2\/comments?post=12134"}],"version-history":[{"count":1,"href":"https:\/\/norestedigital.net\/index.php\/wp-json\/wp\/v2\/posts\/12134\/revisions"}],"predecessor-version":[{"id":12136,"href":"https:\/\/norestedigital.net\/index.php\/wp-json\/wp\/v2\/posts\/12134\/revisions\/12136"}],"wp:featuredmedia":[{"embeddable":true,"href":"https:\/\/norestedigital.net\/index.php\/wp-json\/wp\/v2\/media\/12135"}],"wp:attachment":[{"href":"https:\/\/norestedigital.net\/index.php\/wp-json\/wp\/v2\/media?parent=12134"}],"wp:term":[{"taxonomy":"category","embeddable":true,"href":"https:\/\/norestedigital.net\/index.php\/wp-json\/wp\/v2\/categories?post=12134"},{"taxonomy":"post_tag","embeddable":true,"href":"https:\/\/norestedigital.net\/index.php\/wp-json\/wp\/v2\/tags?post=12134"}],"curies":[{"name":"wp","href":"https:\/\/api.w.org\/{rel}","templated":true}]}}