{"id":12185,"date":"2026-04-28T17:26:01","date_gmt":"2026-04-28T23:26:01","guid":{"rendered":"https:\/\/norestedigital.net\/?p=12185"},"modified":"2026-04-28T17:26:06","modified_gmt":"2026-04-28T23:26:06","slug":"emprendedores-locales-reciben-distintivos-hecho-en-mexico-y-hecho-en-tamaulipas","status":"publish","type":"post","link":"https:\/\/norestedigital.net\/index.php\/2026\/04\/28\/emprendedores-locales-reciben-distintivos-hecho-en-mexico-y-hecho-en-tamaulipas\/","title":{"rendered":"EMPRENDEDORES LOCALES RECIBEN DISTINTIVOS \u201cHECHO EN M\u00c9XICO\u201d Y \u201cHECHO EN TAMAULIPAS\u201d"},"content":{"rendered":"\n<p>28 de abril del 2026<\/p>\n\n\n\n<p>Como parte de la estrategia para fortalecer la econom\u00eda local y respaldar a las y los emprendedores, y gracias al trabajo coordinado del Gobierno del Estado y el Gobierno Municipal, alrededor de 40 negocios locales recibieron el distintivo \u201cHecho en M\u00e9xico\u201d y \u201cHecho en Tamaulipas\u201d, programa que los ha ayudado a crecer y posicionarse en el mercado estatal y nacional. <\/p>\n\n\n\n<p>Gracias al trabajo colaborativo de los gobiernos municipal y estatal, los negocios neolaredenses cumplieron con los requerimientos necesarios para acceder a los apoyos de la Secretar\u00eda de Econom\u00eda y recibir estos distintivos con los que podr\u00e1n impulsar sus productos en otros puntos fuera de la entidad. <\/p>\n\n\n\n<p>\u201cGracias a los apoyos del gobierno municipal y estatal hemos podido remodelar nuestro negocio, crecer y dar trabajo a m\u00e1s familias; adem\u00e1s, hoy ya nos identifican en la ciudad, lo que nos ha permitido posicionarnos y seguir avanzando\u201d, expres\u00f3 Rosaelia Tejeda, quien comparti\u00f3 su experiencia tras integrarse a estos programas. <\/p>\n\n\n\n<p>Por su parte, Mar\u00eda Hern\u00e1ndez, destac\u00f3 que la participaci\u00f3n en bazares y eventos organizados por el municipio ha sido clave para ampliar su alcance. \u201cNos han invitado a muchos espacios donde podemos vender y darnos a conocer; eso nos ha ayudado much\u00edsimo a llegar a m\u00e1s personas y a crecer nuestro negocio\u201d, se\u00f1al\u00f3. <\/p>\n\n\n\n<p>Del mismo modo, Janet S\u00e1nchez, resalt\u00f3 el acompa\u00f1amiento recibido durante todo el proceso de formalizaci\u00f3n. <\/p>\n\n\n\n<p>\u201cEl gobierno nos ha guiado desde el registro de la marca hasta obtener distintivos como \u2018Hecho en Tamaulipas\u2019 y \u2018Hecho en M\u00e9xico\u2019; ha sido un apoyo muy importante para consolidar nuestro proyecto\u201d, coment\u00f3 la ciudadana beneficiada. <\/p>\n\n\n\n<p>El Gobierno Municipal reitera que estos distintivos no s\u00f3lo fortalecen la identidad local, sino que tambi\u00e9n generan confianza en los consumidores y facilitan la integraci\u00f3n de los productos neolaredenses en nuevos mercados. <\/p>\n\n\n\n<p>\u201cEstoy muy agradecida con la presidenta municipal porque gracias a estos programas, capacitaciones y bazares, nuestros negocios est\u00e1n creciendo y se nos est\u00e1n abriendo m\u00e1s oportunidades\u201d, afirm\u00f3 Elizabeth del \u00c1ngel, reconociendo as\u00ed el respaldo directo de la administraci\u00f3n municipal para el crecimiento de su empresa. <\/p>\n\n\n\n<p>Con estas acciones, la administraci\u00f3n encabezada por Carmen Lilia Canturosas Villarreal reafirma su compromiso de impulsar el desarrollo econ\u00f3mico, apoyar a los emprendedores y generar m\u00e1s oportunidades para las familias de Nuevo Laredo, consolidando una ciudad con mayor crecimiento y competitividad.<\/p>\n","protected":false},"excerpt":{"rendered":"<p>28 de abril del 2026 Como parte de la estrategia para fortalecer la econom\u00eda local y respaldar a las y los emprendedores, y gracias al trabajo coordinado del Gobierno del Estado y el Gobierno Municipal, alrededor de 40 negocios locales recibieron el distintivo \u201cHecho en M\u00e9xico\u201d y \u201cHecho en Tamaulipas\u201d, programa que los ha ayudado &hellip;<\/p>\n","protected":false},"author":2,"featured_media":12175,"comment_status":"open","ping_status":"open","sticky":false,"template":"","format":"standard","meta":{"footnotes":""},"categories":[37],"tags":[],"class_list":["post-12185","post","type-post","status-publish","format-standard","has-post-thumbnail","","category-nuevo-laredo"],"_links":{"self":[{"href":"https:\/\/norestedigital.net\/index.php\/wp-json\/wp\/v2\/posts\/12185","targetHints":{"allow":["GET"]}}],"collection":[{"href":"https:\/\/norestedigital.net\/index.php\/wp-json\/wp\/v2\/posts"}],"about":[{"href":"https:\/\/norestedigital.net\/index.php\/wp-json\/wp\/v2\/types\/post"}],"author":[{"embeddable":true,"href":"https:\/\/norestedigital.net\/index.php\/wp-json\/wp\/v2\/users\/2"}],"replies":[{"embeddable":true,"href":"https:\/\/norestedigital.net\/index.php\/wp-json\/wp\/v2\/comments?post=12185"}],"version-history":[{"count":1,"href":"https:\/\/norestedigital.net\/index.php\/wp-json\/wp\/v2\/posts\/12185\/revisions"}],"predecessor-version":[{"id":12186,"href":"https:\/\/norestedigital.net\/index.php\/wp-json\/wp\/v2\/posts\/12185\/revisions\/12186"}],"wp:featuredmedia":[{"embeddable":true,"href":"https:\/\/norestedigital.net\/index.php\/wp-json\/wp\/v2\/media\/12175"}],"wp:attachment":[{"href":"https:\/\/norestedigital.net\/index.php\/wp-json\/wp\/v2\/media?parent=12185"}],"wp:term":[{"taxonomy":"category","embeddable":true,"href":"https:\/\/norestedigital.net\/index.php\/wp-json\/wp\/v2\/categories?post=12185"},{"taxonomy":"post_tag","embeddable":true,"href":"https:\/\/norestedigital.net\/index.php\/wp-json\/wp\/v2\/tags?post=12185"}],"curies":[{"name":"wp","href":"https:\/\/api.w.org\/{rel}","templated":true}]}}