{"id":12209,"date":"2026-04-28T19:58:56","date_gmt":"2026-04-29T01:58:56","guid":{"rendered":"https:\/\/norestedigital.net\/?p=12209"},"modified":"2026-04-28T19:59:01","modified_gmt":"2026-04-29T01:59:01","slug":"ninas-y-ninos-del-segundo-parlamento-infantil-participan-en-la-mananera-legislativa","status":"publish","type":"post","link":"https:\/\/norestedigital.net\/index.php\/2026\/04\/28\/ninas-y-ninos-del-segundo-parlamento-infantil-participan-en-la-mananera-legislativa\/","title":{"rendered":"Ni\u00f1as y ni\u00f1os del Segundo Parlamento Infantil participan en la Ma\u00f1anera Legislativa"},"content":{"rendered":"\n<figure class=\"wp-block-table\"><table class=\"has-fixed-layout\"><tbody><tr><td>&nbsp;Fecha publicaci\u00f3n:&nbsp;martes, 28 de abril de 2026<\/td><\/tr><tr><td colspan=\"2\"><\/td><\/tr><tr><td colspan=\"2\">En un ejercicio que fortalece la participaci\u00f3n de la ni\u00f1ez en la vida p\u00fablica y promueve su derecho a ser escuchados, integrantes del Segundo Parlamento Infantil del Consejo Consultivo del Observatorio Participativo e Inclusivo de Ni\u00f1as, Ni\u00f1os y Adolescentes de Tamaulipas participaron este martes en la conferencia de prensa La Ma\u00f1anera Legislativa, donde compartieron sus experiencias y propuestas surgidas de este ejercicio democr\u00e1tico.<br><br>El presidente de la Junta de Gobierno del Congreso del Estado, Humberto Prieto Herrera, destac\u00f3 que la presencia de las y los menores en este espacio refleja el compromiso del Poder Legislativo con una agenda incluyente y participativa.<br><br>\u201cHay que incluir a todos, cuidar los derechos de todas y todos. En este Congreso vamos a seguir empujando para que haya mayores oportunidades para las personas con trastornos neurodivergentes y para toda la ni\u00f1ez tamaulipeca\u201d, expres\u00f3.<br><br>Durante la conferencia participaron Leonardo Xavier Romero Osorio, Victoria Alessandra Leos Chuy e Isaac Robbins Alambar, quienes relataron su experiencia dentro del Parlamento Infantil y la importancia de contar con espacios para expresar sus ideas.<br><br>Victoria Alessandra destac\u00f3 el impulso que representa para las ni\u00f1as y ni\u00f1os participar en estos ejercicios y visibilizar causas importantes para la ni\u00f1ez.<br><br>\u201cMe preocupa que no le estemos dando suficiente visibilidad a personas con condiciones del neurodesarrollo como el autismo o el TDAH; por eso fue importante presentar esta iniciativa y darla a conocer\u201d, se\u00f1al\u00f3.<br><br>Por su parte, Leonardo Xavier Romero Osorio resalt\u00f3 el valor de involucrarse activamente en la vida p\u00fablica desde temprana edad.<br><br>\u201cQuise participar porque sent\u00eda que pod\u00eda hacer m\u00e1s, no solo estar presente, sino aportar mis propias ideas\u201d, comparti\u00f3.<br><br>En el encuentro, la secretaria ejecutiva de SIPINNA Tamaulipas, Ivette Salazar M\u00e1rquez, explic\u00f3 que una de las propuestas impulsadas por ni\u00f1as y ni\u00f1os del Consejo Consultivo es la iniciativa del \u201cMaestro Sombra\u201d, enfocada en fortalecer la atenci\u00f3n e inclusi\u00f3n de personas con condiciones del neurodesarrollo.<br><br>\u201cEl inter\u00e9s superior de la ni\u00f1ez obliga al Estado a adoptar medidas para garantizar plenamente sus derechos, especialmente cuando existen condiciones de vulnerabilidad; por ello estas propuestas son fundamentales\u201d, puntualiz\u00f3.<br><br>Al cierre, Humberto Prieto Herrera reconoci\u00f3 la participaci\u00f3n de las y los integrantes del Parlamento Infantil y subray\u00f3 que su presencia enriqueci\u00f3 el di\u00e1logo p\u00fablico en el Congreso.<br><br>\u201cHoy las voces de la ni\u00f1ez estuvieron presentes en esta ma\u00f1anera legislativa, y eso fortalece la construcci\u00f3n de un Tamaulipas m\u00e1s incluyente y participativo\u201d, concluy\u00f3.<br><br>En la conferencia adem\u00e1s se abordaron temas como la prevenci\u00f3n en el uso de redes sociales y retos virales, inclusi\u00f3n educativa y acciones interinstitucionales en favor de ni\u00f1as, ni\u00f1os y adolescentes.<\/td><\/tr><\/tbody><\/table><\/figure>\n","protected":false},"excerpt":{"rendered":"<p>&nbsp;Fecha publicaci\u00f3n:&nbsp;martes, 28 de abril de 2026En un ejercicio que fortalece la participaci\u00f3n de la ni\u00f1ez en la vida p\u00fablica y promueve su derecho a ser escuchados, integrantes del Segundo Parlamento Infantil del Consejo Consultivo del Observatorio Participativo e Inclusivo de Ni\u00f1as, Ni\u00f1os y Adolescentes de Tamaulipas participaron este martes en la conferencia de prensa &hellip;<\/p>\n","protected":false},"author":2,"featured_media":12216,"comment_status":"open","ping_status":"open","sticky":false,"template":"","format":"standard","meta":{"footnotes":""},"categories":[46],"tags":[],"class_list":["post-12209","post","type-post","status-publish","format-standard","has-post-thumbnail","","category-congreso"],"_links":{"self":[{"href":"https:\/\/norestedigital.net\/index.php\/wp-json\/wp\/v2\/posts\/12209","targetHints":{"allow":["GET"]}}],"collection":[{"href":"https:\/\/norestedigital.net\/index.php\/wp-json\/wp\/v2\/posts"}],"about":[{"href":"https:\/\/norestedigital.net\/index.php\/wp-json\/wp\/v2\/types\/post"}],"author":[{"embeddable":true,"href":"https:\/\/norestedigital.net\/index.php\/wp-json\/wp\/v2\/users\/2"}],"replies":[{"embeddable":true,"href":"https:\/\/norestedigital.net\/index.php\/wp-json\/wp\/v2\/comments?post=12209"}],"version-history":[{"count":1,"href":"https:\/\/norestedigital.net\/index.php\/wp-json\/wp\/v2\/posts\/12209\/revisions"}],"predecessor-version":[{"id":12217,"href":"https:\/\/norestedigital.net\/index.php\/wp-json\/wp\/v2\/posts\/12209\/revisions\/12217"}],"wp:featuredmedia":[{"embeddable":true,"href":"https:\/\/norestedigital.net\/index.php\/wp-json\/wp\/v2\/media\/12216"}],"wp:attachment":[{"href":"https:\/\/norestedigital.net\/index.php\/wp-json\/wp\/v2\/media?parent=12209"}],"wp:term":[{"taxonomy":"category","embeddable":true,"href":"https:\/\/norestedigital.net\/index.php\/wp-json\/wp\/v2\/categories?post=12209"},{"taxonomy":"post_tag","embeddable":true,"href":"https:\/\/norestedigital.net\/index.php\/wp-json\/wp\/v2\/tags?post=12209"}],"curies":[{"name":"wp","href":"https:\/\/api.w.org\/{rel}","templated":true}]}}