{"id":12229,"date":"2026-04-28T20:21:56","date_gmt":"2026-04-29T02:21:56","guid":{"rendered":"https:\/\/norestedigital.net\/?p=12229"},"modified":"2026-04-28T20:22:01","modified_gmt":"2026-04-29T02:22:01","slug":"presentan-iniciativa-inspirada-en-propuestas-del-parlamento-infantil-para-fortalecer-educacion-inclusiva-en-tamaulipas-2","status":"publish","type":"post","link":"https:\/\/norestedigital.net\/index.php\/2026\/04\/28\/presentan-iniciativa-inspirada-en-propuestas-del-parlamento-infantil-para-fortalecer-educacion-inclusiva-en-tamaulipas-2\/","title":{"rendered":"Presentan iniciativa inspirada en propuestas del Parlamento Infantil para fortalecer educaci\u00f3n inclusiva en Tamaulipas"},"content":{"rendered":"\n<figure class=\"wp-block-table\"><table class=\"has-fixed-layout\"><tbody><tr><td>martes, 28 de abril de 2026<\/td><\/tr><tr><td colspan=\"2\"><\/td><\/tr><tr><td colspan=\"2\">La diputada Yuriria Iturbe V\u00e1zquez present\u00f3 una iniciativa para incorporar la figura del \u201cmaestro sombra\u201d, en la Ley para la Atenci\u00f3n, Protecci\u00f3n e Inclusi\u00f3n de las Personas con la Condici\u00f3n del Espectro Autista y Trastornos del Neurodesarrollo de Tamaulipas, como apoyo especializado dentro del entorno escolar.<br><br>La propuesta tiene como antecedente los planteamientos formulados por las consejeras y consejeros de la tercera generaci\u00f3n durante la sesi\u00f3n p\u00fablica del Segundo Parlamento Infantil del Consejo Consultivo del Observatorio Participativo e Inclusivo de Ni\u00f1as, Ni\u00f1os y Adolescentes del Estado de Tamaulipas (OPINNA), celebrada el pasado 27 de abril.<br><br>La acci\u00f3n legislativa, suscrita por integrantes de las distintas fuerzas pol\u00edticas representadas en la Legislatura 66, propone adicionar la fracci\u00f3n IX Bis al art\u00edculo 3 para definir esta figura, as\u00ed como incorporar el art\u00edculo 10 Ter para establecer que las autoridades educativas procuren dotar de maestros sombra capacitados para brindar apoyo individualizado y complementario a estudiantes con trastornos del neurodesarrollo.<br><br>En tribuna, la legisladora resalt\u00f3 que la inclusi\u00f3n educativa demanda medidas concretas para eliminar barreras y generar igualdad de oportunidades.<br><br>\u201cEl derecho a la educaci\u00f3n inclusiva no se garantiza \u00fanicamente mediante el acceso formal al sistema educativo, sino que exige apoyos humanos especializados, ajustes razonables y medidas individualizadas, como lo es el maestro sombra\u201d, afirm\u00f3.<br><br>Asimismo, reconoci\u00f3 que la propuesta recoge el trabajo impulsado por ni\u00f1as, ni\u00f1os y adolescentes participantes del segundo Parlamento Infantil, as\u00ed como esfuerzos legislativos previos encaminados a fortalecer la inclusi\u00f3n.<br><br>\u201cHacemos eco a la propuesta realizada por las y los integrantes consejeros del Observatorio Participativo para fortalecer el marco jur\u00eddico estatal incorporando expresamente la figura del maestro sombra\u201d, puntualiz\u00f3.<br><br>La iniciativa fue turnada a las comisiones de Estudios Legislativos Primera y de Ni\u00f1ez, Adolescencia y Juventud para su an\u00e1lisis y elaboraci\u00f3n del dictamen correspondiente.<\/td><\/tr><\/tbody><\/table><\/figure>\n","protected":false},"excerpt":{"rendered":"<p>martes, 28 de abril de 2026La diputada Yuriria Iturbe V\u00e1zquez present\u00f3 una iniciativa para incorporar la figura del \u201cmaestro sombra\u201d, en la Ley para la Atenci\u00f3n, Protecci\u00f3n e Inclusi\u00f3n de las Personas con la Condici\u00f3n del Espectro Autista y Trastornos del Neurodesarrollo de Tamaulipas, como apoyo especializado dentro del entorno escolar.La propuesta tiene como antecedente &hellip;<\/p>\n","protected":false},"author":2,"featured_media":12230,"comment_status":"open","ping_status":"open","sticky":false,"template":"","format":"standard","meta":{"footnotes":""},"categories":[46],"tags":[],"class_list":["post-12229","post","type-post","status-publish","format-standard","has-post-thumbnail","","category-congreso"],"_links":{"self":[{"href":"https:\/\/norestedigital.net\/index.php\/wp-json\/wp\/v2\/posts\/12229","targetHints":{"allow":["GET"]}}],"collection":[{"href":"https:\/\/norestedigital.net\/index.php\/wp-json\/wp\/v2\/posts"}],"about":[{"href":"https:\/\/norestedigital.net\/index.php\/wp-json\/wp\/v2\/types\/post"}],"author":[{"embeddable":true,"href":"https:\/\/norestedigital.net\/index.php\/wp-json\/wp\/v2\/users\/2"}],"replies":[{"embeddable":true,"href":"https:\/\/norestedigital.net\/index.php\/wp-json\/wp\/v2\/comments?post=12229"}],"version-history":[{"count":1,"href":"https:\/\/norestedigital.net\/index.php\/wp-json\/wp\/v2\/posts\/12229\/revisions"}],"predecessor-version":[{"id":12231,"href":"https:\/\/norestedigital.net\/index.php\/wp-json\/wp\/v2\/posts\/12229\/revisions\/12231"}],"wp:featuredmedia":[{"embeddable":true,"href":"https:\/\/norestedigital.net\/index.php\/wp-json\/wp\/v2\/media\/12230"}],"wp:attachment":[{"href":"https:\/\/norestedigital.net\/index.php\/wp-json\/wp\/v2\/media?parent=12229"}],"wp:term":[{"taxonomy":"category","embeddable":true,"href":"https:\/\/norestedigital.net\/index.php\/wp-json\/wp\/v2\/categories?post=12229"},{"taxonomy":"post_tag","embeddable":true,"href":"https:\/\/norestedigital.net\/index.php\/wp-json\/wp\/v2\/tags?post=12229"}],"curies":[{"name":"wp","href":"https:\/\/api.w.org\/{rel}","templated":true}]}}