{"id":12275,"date":"2026-04-29T08:06:37","date_gmt":"2026-04-29T14:06:37","guid":{"rendered":"https:\/\/norestedigital.net\/?p=12275"},"modified":"2026-04-29T08:06:46","modified_gmt":"2026-04-29T14:06:46","slug":"tiempo-y-espacio-mucha-lana-para-salvar-comapas","status":"publish","type":"post","link":"https:\/\/norestedigital.net\/index.php\/2026\/04\/29\/tiempo-y-espacio-mucha-lana-para-salvar-comapas\/","title":{"rendered":"Tiempo y Espacio&#8230;.Mucha lana para salvar COMAPAS."},"content":{"rendered":"\n<p>Tiempo y Espacio.<br>Mucha lana para salvar COMAPAS.<br>Por Jaime Luis Soto.<br>Impresionante la cifra que mencion\u00f3 el Secretario de Recursos<br>Hidr\u00e1ulicos, RA\u00daL QUIROGA \u00c1LVAREZ, para que Tamaulipas salga<br>de la crisis del agua: Dijo que se requieren, m\u00ednimo, \u00a145 mil millones<br>de pesos!<br>Es, por supuesto, much\u00edsima lana\u2026<br>Lana que se requiere para mejorar al m\u00e1ximo la infraestructura<br>h\u00eddrica en la geograf\u00eda tamaulipeca, seg\u00fan lo advirti\u00f3 QUIROGA este<br>martes.<br>Ah, y en esa danza de miles de millones se incluyen a las muy<br>pol\u00e9micas COMAPAS que, dijo, requieren alrededor de 25 mil<br>millones de pesotes para sacarlas de la quiebra en que se<br>encuentran.<br>Solo una COMAPA se salva: La de Nuevo Laredo en donde gobierna<br>CARMEN LILIA CANTUROSAS y en donde el organismo municipal<br>operador del agua es el \u00fanico, de todo el Estado, que no tienen<br>problemas financieros.<br>Las dem\u00e1s operan con n\u00fameros rojos. Y tienen tantas deudas que<br>hasta espantan. Rescatarlas, como ya lo advirti\u00f3 QUIROGA,<br>requiere de una cantidad multimillonaria de recursos p\u00fablicos.<br>Y, para acabarla de amolar: Seg\u00fan los especialistas en asuntos<br>clim\u00e1ticos, para este 2026 se esperan devastadoras sequ\u00edas que<br>pueden secar presas, r\u00edos, lagunas y mantos acu\u00edferos<br>subterr\u00e1neos.<br>Adem\u00e1s de escasez de lluvias\u2026<\/p>\n\n\n\n<p>Ello implicar\u00e1 m\u00e1s inversi\u00f3n para conseguir agua y as\u00ed garantizar su<br>abasto a la poblaci\u00f3n tamaulipeca.<br>Lo hemos escrito: Las crisis que viven las COMAPAS no aparecieron<br>por arte de magia ni por obra y gracia del Esp\u00edritu Santo.<br>Nada de eso.<br>Desde hace muchos a\u00f1os, quienes fungieron como gerentes de<br>esos organismos simple y sencillamente rellenaron de lana sus<br>bolsillos y es fecha que viven en la opulencia y la impunidad.<br>Ser\u00eda harto interesante el saber cu\u00e1ndo prescriben los presuntos<br>saqueos que se hayan hecho en las COMAPAS y que la instancia de<br>investigar sus cuentas, la ASE que dirige FRANCISCO NORIEGA<br>OROZCO, diga si ya hay denuncias concretas o no al respecto.<br>Hace poco dijo que ya hay procesos en marcha en contra de<br>algunos exgerentes, pero por el sigilo de las investigaciones no se<br>dan detalles ni mucho menos nombres de los presuntos implicados.<br>Pero la neta, las y los tamaulipecos est\u00e1n ansiosos de ver pronto a<br>no pocos de esos exgerentes de COMAPAS, que presuntamente<br>agarraron lana ajena, en el fresco bote.<br>Y que regresen lo que se clavaron. Hasta el \u00faltimo centavo\u2026<br>Porque no se vale que haya exgerentes de COMAPAS que anden<br>muy campechanamente pase\u00e1ndose por muchos lugares de M\u00e9xico<br>y los Estados Unidos mientras los organismos que dirigieron est\u00e1n<br>en terapia intensiva.<br>En bancarrota total\u2026<br>Por lo pronto: Don RA\u00daL QUIROGA, en su comparecencia ante las y<br>los diputados que dirige HUMBERTO PRIETO HERRERA, dijo que se<\/p>\n\n\n\n<p>requieren alrededor de 25 mil melones para sacar a las COMAPAS<br>de la tremenda crisis que sufren.<br>\u00a1Uffff! \u00bfDe d\u00f3nde van a conseguir tanta lana\u2026?<br>Mejor comentemos que el gobernador AM\u00c9RICO VILLARREAL<br>ANAYA, present\u00f3 al nuevo titular de la Agencia Nacional de<br>Aduanas de M\u00e9xico, H\u00c9CTOR ALONSO ROMERO GUTI\u00c9RREZ, los<br>proyectos estrat\u00e9gicos como el Puerto Interior de Tamaulipas y la<br>Administraci\u00f3n Portuaria Integral de Matamoros.<br>Proyectos que, dijo, siguen avanzando de la mano del Gobierno de<br>M\u00e9xico, que encabeza la presidenta CLAUDIA SHEINBAUM, para<br>generar desarrollo y bienestar para las y los tamaulipecos.<br>Durante una reuni\u00f3n de trabajo, este martes, el gobernador del<br>estado puso de manifiesto la importancia y trascendencia de la<br>contribuci\u00f3n de Tamaulipas.<br>Que destaca como el estado con mayor flujo comercial entre<br>M\u00e9xico y Estados Unidos, a trav\u00e9s de los 19 cruces internacionales<br>a lo largo de la frontera norte.<br>Respecto al Puerto del Norte de Matamoros, el mandatario<br>tamaulipeco expuso el Proyecto Integral de la Aduana de la API<br>Matamoros, incluyendo la exposici\u00f3n ejecutiva del dise\u00f1o de la<br>secci\u00f3n aduanera (edificio de aduana y ruta fiscal), vialidades,<br>capacidad y flujo de carga.<br>As\u00ed como tipos de carga a operar e ingresos proyectados.<br>Y en el marco del D\u00eda Internacional de la Danza, la UAT celebr\u00f3 la<br>expresi\u00f3n corporal con un encuentro que reuni\u00f3 al talento<br>universitario, exaltando el arte y la vinculaci\u00f3n de la instituci\u00f3n.<\/p>\n\n\n\n<p>Mire usted que el rector de la UAT, D\u00c1MASO ANAYA ALVARADO,<br>junto con su esposa, ISOLDA REND\u00d3N DE ANAYA, encabez\u00f3 el<br>festejo conmemorativo, en el Teatro Amalia Gonz\u00e1lez Caballero de<br>Castillo Led\u00f3n.<br>En donde cientos de asistentes disfrutaron de una velada art\u00edstica<br>de ritmo y color, presentada por agrupaciones universitarias y<br>compa\u00f1\u00edas de danza de esta capital.<br>En su mensaje, D\u00c1MASO ANAYA destac\u00f3 la importancia de generar<br>espacios donde el talento, la creatividad y las expresiones art\u00edsticas<br>encuentren respaldo institucional para proyectarse hacia la<br>sociedad.<br>Subray\u00f3 que estas actividades fortalecen la formaci\u00f3n integral del<br>estudiantado, favorecen el desarrollo pleno de la comunidad<br>universitaria y reflejan el compromiso de la UAT por impulsar<br>iniciativas cercanas a la ciudadan\u00eda que promuevan sensibilidad,<br>participaci\u00f3n y cohesi\u00f3n social.<br>Cabe destacar que el rector entreg\u00f3 reconocimientos a los grupos<br>participantes, reconociendo la dedicaci\u00f3n de artistas, docentes y<br>promotores que contribuyen a fortalecer la vida cultural<br>universitaria.<br>Asimismo, reconoci\u00f3 el esfuerzo colaborativo que hace posible<br>abrir este tipo de espacios para proyectar el talento, promover la<br>participaci\u00f3n de la comunidad y acercar las manifestaciones<br>art\u00edsticas a p\u00fablicos cada vez m\u00e1s amplios.<br>Consolidando as\u00ed a la UAT como un referente en la promoci\u00f3n<br>cultural.<br>Y ante las altas temperaturas pronosticadas para los pr\u00f3ximos d\u00edas,<br>la Mesa del Agua Municipal realiz\u00f3 su sesi\u00f3n ordinaria para reforzar<\/p>\n\n\n\n<p>estrategias en el abasto de agua y protecci\u00f3n de salud de la<br>poblaci\u00f3n.<br>En representaci\u00f3n del alcalde EDUARDO GATT\u00c1S B\u00c1EZ, el secretario<br>del Ayuntamiento HUGO RES\u00c9NDEZ SILVA coordin\u00f3 los trabajos de<br>la sexta sesi\u00f3n realizada en sala de cabildo, que convoc\u00f3 la<br>participaci\u00f3n de autoridades de CONAGUA, COEPRIS, PROFEPA,<br>IMSS, CREDE y COMAPA Victoria.<br>Por acuerdo, se instruy\u00f3 a la COMAPA brindar mayor difusi\u00f3n al<br>programa de tandeo de agua, fortalecer la campa\u00f1a de<br>sensibilizaci\u00f3n del cuidado y uso del vital l\u00edquido en escuelas.<br>As\u00ed como coordinar con Protecci\u00f3n Civil para emitir<br>recomendaciones por la situaci\u00f3n climatol\u00f3gica de las pr\u00f3ximas 72<br>horas.<br>Tras ratificar el acuerdo para garantizar el abastecimiento a<br>escuelas y hospitales, la mesa del agua municipal expuso<br>informaci\u00f3n de tandeos, niveles de fuentes de abastecimiento,<br>disponibilidad del recurso, limpieza de drenes pluviales y<br>alcantarillas y pron\u00f3sticos de ciclones y huracanes.<br>Es todo por hoy. Muchas gracias por leer.<br>Correo electr\u00f3nico: jaimeluissoto@hotmail.com<\/p>\n","protected":false},"excerpt":{"rendered":"<p>Tiempo y Espacio.Mucha lana para salvar COMAPAS.Por Jaime Luis Soto.Impresionante la cifra que mencion\u00f3 el Secretario de RecursosHidr\u00e1ulicos, RA\u00daL QUIROGA \u00c1LVAREZ, para que Tamaulipas salgade la crisis del agua: Dijo que se requieren, m\u00ednimo, \u00a145 mil millonesde pesos!Es, por supuesto, much\u00edsima lana\u2026Lana que se requiere para mejorar al m\u00e1ximo la infraestructurah\u00eddrica en la geograf\u00eda tamaulipeca, &hellip;<\/p>\n","protected":false},"author":2,"featured_media":9631,"comment_status":"open","ping_status":"open","sticky":false,"template":"","format":"standard","meta":{"footnotes":""},"categories":[4],"tags":[],"class_list":["post-12275","post","type-post","status-publish","format-standard","has-post-thumbnail","","category-columnistas-fashion"],"_links":{"self":[{"href":"https:\/\/norestedigital.net\/index.php\/wp-json\/wp\/v2\/posts\/12275","targetHints":{"allow":["GET"]}}],"collection":[{"href":"https:\/\/norestedigital.net\/index.php\/wp-json\/wp\/v2\/posts"}],"about":[{"href":"https:\/\/norestedigital.net\/index.php\/wp-json\/wp\/v2\/types\/post"}],"author":[{"embeddable":true,"href":"https:\/\/norestedigital.net\/index.php\/wp-json\/wp\/v2\/users\/2"}],"replies":[{"embeddable":true,"href":"https:\/\/norestedigital.net\/index.php\/wp-json\/wp\/v2\/comments?post=12275"}],"version-history":[{"count":1,"href":"https:\/\/norestedigital.net\/index.php\/wp-json\/wp\/v2\/posts\/12275\/revisions"}],"predecessor-version":[{"id":12276,"href":"https:\/\/norestedigital.net\/index.php\/wp-json\/wp\/v2\/posts\/12275\/revisions\/12276"}],"wp:featuredmedia":[{"embeddable":true,"href":"https:\/\/norestedigital.net\/index.php\/wp-json\/wp\/v2\/media\/9631"}],"wp:attachment":[{"href":"https:\/\/norestedigital.net\/index.php\/wp-json\/wp\/v2\/media?parent=12275"}],"wp:term":[{"taxonomy":"category","embeddable":true,"href":"https:\/\/norestedigital.net\/index.php\/wp-json\/wp\/v2\/categories?post=12275"},{"taxonomy":"post_tag","embeddable":true,"href":"https:\/\/norestedigital.net\/index.php\/wp-json\/wp\/v2\/tags?post=12275"}],"curies":[{"name":"wp","href":"https:\/\/api.w.org\/{rel}","templated":true}]}}