{"id":12308,"date":"2026-04-29T18:20:12","date_gmt":"2026-04-30T00:20:12","guid":{"rendered":"https:\/\/norestedigital.net\/?p=12308"},"modified":"2026-04-29T19:10:38","modified_gmt":"2026-04-30T01:10:38","slug":"va-al-doble-el-subsidio-cfe-de-verano-que-inicia-manana","status":"publish","type":"post","link":"https:\/\/norestedigital.net\/index.php\/2026\/04\/29\/va-al-doble-el-subsidio-cfe-de-verano-que-inicia-manana\/","title":{"rendered":"Va al doble el subsidio CFE de verano que inicia ma\u00f1ana\u00a0\u00a0\u00a0"},"content":{"rendered":"\n<p><strong>Va al doble el subsidio CFE<\/strong> <strong>de verano que inicia ma\u00f1ana\u00a0\u00a0\u00a0<\/strong><\/p>\n\n\n\n<p><strong>Por Javier Claudio<\/strong><\/p>\n\n\n\n<p>Con buenas noticias para el usuario iniciar\u00e1 el mes de mayo, al dar inicio la Comisi\u00f3n Federal de Electricidad (CFE) al subsidio de la Tarifa de Verano que significa pagar\u00e1n menos por el consumo de energ\u00eda el\u00e9ctrica.<\/p>\n\n\n\n<p>El beneficio que se sostendr\u00e1 hasta el 31 de octubre, beneficiar\u00e1 a los&nbsp;185 mil usuarios de la CFE con que cuenta Nuevo Laredo, luego que la Tarifa de Verana consta de mil 800 kilowatoras (Kwh.) como subsidio en el consumo.<\/p>\n\n\n\n<p>Informaci\u00f3n obtenida en la CFE-Nuevo Laredo, detalla que la Tarifa IE, que es la que rige la zona de Nuevo Laredo, en este periodo tendr\u00e1 subsidiados mil 800 Kwh. en lugar de los 400 Kwh. que le fueron otorgados al usuario dom\u00e9stico en el periodo que reci\u00e9n concluy\u00f3.<\/p>\n\n\n\n<p>&nbsp;&nbsp;&nbsp;&nbsp;&nbsp;&nbsp;&nbsp;&nbsp;&nbsp;&nbsp;&nbsp;&nbsp;Los estados en los que aplicar\u00e1 este descuento son&nbsp;Baja California, Campeche, Chiapas, Chihuahua, Coahuila, Colima, Guerrero, Hidalgo, Michoac\u00e1n, Morelos, Nayarit, Nuevo Le\u00f3n, Oaxaca, San Luis Potos\u00ed, Sinaloa, Sonora, Tabasco, Tamaulipas, Veracruz y Yucat\u00e1n.<\/p>\n\n\n\n<p>La aplicaci\u00f3n de este beneficio, contabilizara a partir de ma\u00f1ana, al iniciar el mes de mayo, por lo que el reflejo de menor pago no ser\u00eda de manera inmediata, sino en el siguiente recibo de pago del consumo.<\/p>\n\n\n\n<p>Cabe se\u00f1alar que la facturaci\u00f3n del servicio de energ\u00eda para el usuario de la Tarifa IE consta de dos temporadas, la de Verano que es del 01 de mayo al 31 de octubre con mil 800 Kwh. subsidiados y la m\u00e1s baja que es considerada fuera de verano con 400 Kwh. bimestrales subsidiados.<\/p>\n\n\n\n<p>De acuerdo a la CFE, el usuario dom\u00e9stico debe adoptar las medidas de ahorro a fin de evitar consumos disparados de energ\u00eda el\u00e9ctrica y no rebasar los mil 800 Kwh. subsidiados.<\/p>\n","protected":false},"excerpt":{"rendered":"<p>Va al doble el subsidio CFE de verano que inicia ma\u00f1ana\u00a0\u00a0\u00a0 Por Javier Claudio Con buenas noticias para el usuario iniciar\u00e1 el mes de mayo, al dar inicio la Comisi\u00f3n Federal de Electricidad (CFE) al subsidio de la Tarifa de Verano que significa pagar\u00e1n menos por el consumo de energ\u00eda el\u00e9ctrica. El beneficio que se &hellip;<\/p>\n","protected":false},"author":2,"featured_media":12314,"comment_status":"open","ping_status":"open","sticky":false,"template":"","format":"standard","meta":{"footnotes":""},"categories":[37],"tags":[],"class_list":["post-12308","post","type-post","status-publish","format-standard","has-post-thumbnail","","category-nuevo-laredo"],"_links":{"self":[{"href":"https:\/\/norestedigital.net\/index.php\/wp-json\/wp\/v2\/posts\/12308","targetHints":{"allow":["GET"]}}],"collection":[{"href":"https:\/\/norestedigital.net\/index.php\/wp-json\/wp\/v2\/posts"}],"about":[{"href":"https:\/\/norestedigital.net\/index.php\/wp-json\/wp\/v2\/types\/post"}],"author":[{"embeddable":true,"href":"https:\/\/norestedigital.net\/index.php\/wp-json\/wp\/v2\/users\/2"}],"replies":[{"embeddable":true,"href":"https:\/\/norestedigital.net\/index.php\/wp-json\/wp\/v2\/comments?post=12308"}],"version-history":[{"count":1,"href":"https:\/\/norestedigital.net\/index.php\/wp-json\/wp\/v2\/posts\/12308\/revisions"}],"predecessor-version":[{"id":12309,"href":"https:\/\/norestedigital.net\/index.php\/wp-json\/wp\/v2\/posts\/12308\/revisions\/12309"}],"wp:featuredmedia":[{"embeddable":true,"href":"https:\/\/norestedigital.net\/index.php\/wp-json\/wp\/v2\/media\/12314"}],"wp:attachment":[{"href":"https:\/\/norestedigital.net\/index.php\/wp-json\/wp\/v2\/media?parent=12308"}],"wp:term":[{"taxonomy":"category","embeddable":true,"href":"https:\/\/norestedigital.net\/index.php\/wp-json\/wp\/v2\/categories?post=12308"},{"taxonomy":"post_tag","embeddable":true,"href":"https:\/\/norestedigital.net\/index.php\/wp-json\/wp\/v2\/tags?post=12308"}],"curies":[{"name":"wp","href":"https:\/\/api.w.org\/{rel}","templated":true}]}}