{"id":12318,"date":"2026-04-29T19:39:33","date_gmt":"2026-04-30T01:39:33","guid":{"rendered":"https:\/\/norestedigital.net\/?p=12318"},"modified":"2026-04-29T19:39:35","modified_gmt":"2026-04-30T01:39:35","slug":"expediente-en-corbata-luce-siglas-uat-el-rector","status":"publish","type":"post","link":"https:\/\/norestedigital.net\/index.php\/2026\/04\/29\/expediente-en-corbata-luce-siglas-uat-el-rector\/","title":{"rendered":"Expediente&#8230;En corbata luce siglas UAT el rector\u00a0 \u00a0 \u00a0"},"content":{"rendered":"\n<p>Expediente<\/p>\n\n\n\n<p>Azahel Jaramillo H.<\/p>\n\n\n\n<p>En corbata luce siglas UAT el rector&nbsp; &nbsp; &nbsp;<\/p>\n\n\n\n<p><strong>De la mano de su esposa Isolda Rend\u00f3n de Anaya, lleg\u00f3 a las 12: 15 al Centro de Excelencia el rector D\u00e1maso Leonardo Anaya Alvarado,&nbsp; &nbsp;lde traje color negro y luciendo una corbata negra con vivos color naranja y las siglas UAT. Junto con el gobernador Am\u00e9rico Villarreal Anaya y la presidenta del DIF Tamaulipas, Dra. Mar\u00eda Santiago de Villarreal, el rector y su esposa cruzaron la puerta de acceso a la sede de la ceremonia del Segundo Informe.<\/strong><\/p>\n\n\n\n<p><strong>&nbsp; &nbsp; &nbsp; &nbsp; &nbsp; &nbsp;En el auditorio del Centro de Excelencia este grupo de cuatro fueron&nbsp; recibidos con un caluroso aplauso por los integrantes de la Asamblea Universitaria, e invitados especiales, entre los que destacaba Miguel \u00c1ngel Valdez, secretario de Educaci\u00f3n de Tamaulipas.<\/strong><\/p>\n\n\n\n<p><strong>&nbsp; &nbsp; &nbsp; &nbsp; &nbsp; Junto al micr\u00f3fono, tres banderas centraban las miradas. Las banderas era: Al centro, la bandera de M\u00e9xico y a su lado, banderas que portaban el Escudo de armas de Tamaulipas, y el logotipo la Universidad Aut\u00f3noma de Tamaulipas.<\/strong><\/p>\n\n\n\n<p><strong>&nbsp; &nbsp; &nbsp; &nbsp; &nbsp; &nbsp; &nbsp;A las 12: 19 pm, al micr\u00f3fono, el rector D\u00e1maso Anaya dijo: \u00abExpreso un especial reconocimiento por la presencia del gobernador Am\u00e9rico Villarreal Anaya, cuya asistencia fortalece el compromiso institucional, con la transparencia y la rendici\u00f3n de cuentas\u00bb.<\/strong><\/p>\n\n\n\n<p><strong>&nbsp; &nbsp; &nbsp; &nbsp; &nbsp; &nbsp;Y dirigi\u00e9ndose a la Asamblea, el rector D\u00e1maso a\u00f1adi\u00f3: \u00abPresento este Segundo Informe de Actividades con un profundo sentido de responsabilidad universitaria, convencido, de que conducir una universidad p\u00fablica implica, no solo administrar recursos, sino interpretar nuestro tiempo, y orientar el conocimiento, hacia el bienestar colectivo\u00bb&nbsp; &nbsp; &nbsp; &nbsp; &nbsp; &nbsp; &nbsp; &nbsp; &nbsp;<\/strong><\/p>\n\n\n\n<p><strong>&nbsp; &nbsp; &nbsp; &nbsp; &nbsp; &nbsp;Haciendo el balance, el rector dijo: \u00abQuiero platicarles. que cuando inici\u00e9 mi gesti\u00f3n, ten\u00edamos un crecimiento promedio anual de estudiantes, del 1 por ciento en los a\u00f1os anteriores al 2024, y aunque \u00e9ramos una universidad, con bases s\u00f3lidas, ya que cont\u00e1bamos con el 87 por ciento de nuestros programas acreditados. S\u00ed, ten\u00edamos rumbo&#8230; pero a\u00fan ten\u00edamos retos\u00bb.&nbsp;<\/strong><\/p>\n\n\n\n<p><strong>&nbsp; &nbsp; &nbsp; Tras expresar un breve discurso, a eso de la 1 de la tarde con 48 minutos, el gobernador Am\u00e9rico celebr\u00f3 expresando que \u00abhombro con hombro\u00bb la Universidad avanza.&nbsp; &nbsp; &nbsp; &nbsp; &nbsp; &nbsp; &nbsp; &nbsp; &nbsp; &nbsp; &nbsp; &nbsp; &nbsp; &nbsp;&nbsp;<\/strong><\/p>\n\n\n\n<p><strong>&nbsp; &nbsp; &nbsp; &nbsp; &nbsp; &nbsp; &nbsp; &nbsp; &nbsp; &nbsp; &nbsp; &nbsp; &nbsp; &nbsp; &nbsp; MIGUEL VALDEZ EXPLICA PLAN \u00abTAMAULIPAS EDUCA\u00bb&nbsp;<\/strong><\/p>\n\n\n\n<p><strong>&nbsp; &nbsp; &nbsp; &nbsp; &nbsp; &nbsp; &nbsp; &nbsp; &nbsp;Les comparto que el programa \u00abTamaulipas Educa\u00bb , integrado por 10 objetivos espec\u00edficos y 100 acciones prioritarias, tiene como prop\u00f3sito consolidar una transformaci\u00f3n educativa con enfoque humanista en la entidad, explic\u00f3 el secretario de Educaci\u00f3n, Miguel \u00c1ngel Valdez Garc\u00eda.<\/strong><\/p>\n\n\n\n<p><strong>El funcionario destac\u00f3 que esta pol\u00edtica educativa busca dejar una huella duradera en el sistema educativo estatal, retomando la vocaci\u00f3n formativa de Tamaulipas y fortaleciendo el papel de la comunidad escolar en su conjunto.<\/strong><\/p>\n\n\n\n<p><strong>&nbsp; &nbsp; &nbsp; &nbsp; &nbsp; &nbsp; &nbsp; &nbsp;Valdez Garc\u00eda se\u00f1al\u00f3 que aunque el programa contempla m\u00faltiples l\u00edneas de acci\u00f3n, se priorizan tres ejes fundamentales: el mejoramiento de la infraestructura educativa, la pol\u00edtica de los aprendizajes fundamentales y la revalorizaci\u00f3n del magisterio.<\/strong><\/p>\n\n\n\n<p><strong>En materia de infraestructura, destac\u00f3 el compromiso de garantizar que todos los planteles cuenten con condiciones dignas en servicios b\u00e1sicos, y equipamiento. NOS VEMOS.<\/strong><\/p>\n\n\n\n<p><a href=\"mailto:azahel_jaramillo@hotmail.com\" target=\"_blank\" rel=\"noreferrer noopener\">azahel_jaramillo@hotmail.com<\/a><\/p>\n","protected":false},"excerpt":{"rendered":"<p>Expediente Azahel Jaramillo H. En corbata luce siglas UAT el rector&nbsp; &nbsp; &nbsp; De la mano de su esposa Isolda Rend\u00f3n de Anaya, lleg\u00f3 a las 12: 15 al Centro de Excelencia el rector D\u00e1maso Leonardo Anaya Alvarado,&nbsp; &nbsp;lde traje color negro y luciendo una corbata negra con vivos color naranja y las siglas UAT. &hellip;<\/p>\n","protected":false},"author":2,"featured_media":1380,"comment_status":"open","ping_status":"open","sticky":false,"template":"","format":"standard","meta":{"footnotes":""},"categories":[4],"tags":[],"class_list":["post-12318","post","type-post","status-publish","format-standard","has-post-thumbnail","","category-columnistas-fashion"],"_links":{"self":[{"href":"https:\/\/norestedigital.net\/index.php\/wp-json\/wp\/v2\/posts\/12318","targetHints":{"allow":["GET"]}}],"collection":[{"href":"https:\/\/norestedigital.net\/index.php\/wp-json\/wp\/v2\/posts"}],"about":[{"href":"https:\/\/norestedigital.net\/index.php\/wp-json\/wp\/v2\/types\/post"}],"author":[{"embeddable":true,"href":"https:\/\/norestedigital.net\/index.php\/wp-json\/wp\/v2\/users\/2"}],"replies":[{"embeddable":true,"href":"https:\/\/norestedigital.net\/index.php\/wp-json\/wp\/v2\/comments?post=12318"}],"version-history":[{"count":1,"href":"https:\/\/norestedigital.net\/index.php\/wp-json\/wp\/v2\/posts\/12318\/revisions"}],"predecessor-version":[{"id":12319,"href":"https:\/\/norestedigital.net\/index.php\/wp-json\/wp\/v2\/posts\/12318\/revisions\/12319"}],"wp:featuredmedia":[{"embeddable":true,"href":"https:\/\/norestedigital.net\/index.php\/wp-json\/wp\/v2\/media\/1380"}],"wp:attachment":[{"href":"https:\/\/norestedigital.net\/index.php\/wp-json\/wp\/v2\/media?parent=12318"}],"wp:term":[{"taxonomy":"category","embeddable":true,"href":"https:\/\/norestedigital.net\/index.php\/wp-json\/wp\/v2\/categories?post=12318"},{"taxonomy":"post_tag","embeddable":true,"href":"https:\/\/norestedigital.net\/index.php\/wp-json\/wp\/v2\/tags?post=12318"}],"curies":[{"name":"wp","href":"https:\/\/api.w.org\/{rel}","templated":true}]}}