{"id":12320,"date":"2026-04-29T19:43:13","date_gmt":"2026-04-30T01:43:13","guid":{"rendered":"https:\/\/norestedigital.net\/?p=12320"},"modified":"2026-04-29T19:43:16","modified_gmt":"2026-04-30T01:43:16","slug":"dejara-tamaulipas-educa-un-legado-humanista","status":"publish","type":"post","link":"https:\/\/norestedigital.net\/index.php\/2026\/04\/29\/dejara-tamaulipas-educa-un-legado-humanista\/","title":{"rendered":"Dejar\u00e1 Tamaulipas Educa un legado humanista"},"content":{"rendered":"\n<p>Abril 29 de 2026<\/p>\n\n\n\n<p>Ciudad Victoria, Tamaulipas.\u2013 La estrategia \u201cTamaulipas Educa\u201d, integrada por 10 objetivos espec\u00edficos y 100 acciones prioritarias, tiene como prop\u00f3sito consolidar una transformaci\u00f3n educativa con enfoque humanista en la entidad, inform\u00f3 el secretario de Educaci\u00f3n, Miguel \u00c1ngel Valdez Garc\u00eda.<\/p>\n\n\n\n<p>El titular de la dependencia destac\u00f3 que esta pol\u00edtica educativa busca dejar una huella duradera en el sistema educativo estatal, retomando la vocaci\u00f3n formativa de Tamaulipas y fortaleciendo el papel de la comunidad escolar en su conjunto.<\/p>\n\n\n\n<p>Se\u00f1al\u00f3 que la implementaci\u00f3n de esta estrategia contempla la participaci\u00f3n activa de docentes, directivos, estudiantes, as\u00ed como madres y padres de familia, con el objetivo de consolidar una educaci\u00f3n integral e incluyente.<\/p>\n\n\n\n<p>Precis\u00f3 que, aunque el programa contempla m\u00faltiples l\u00edneas de acci\u00f3n, se priorizan tres ejes fundamentales: el mejoramiento de la infraestructura educativa, la pol\u00edtica de los aprendizajes fundamentales y la revalorizaci\u00f3n del magisterio.<\/p>\n\n\n\n<p>En materia de infraestructura, destac\u00f3 el compromiso de garantizar que todos los planteles cuenten con condiciones dignas en servicios b\u00e1sicos, equipamiento y espacios educativos adecuados, fortaleciendo as\u00ed el entorno de ense\u00f1anza-aprendizaje.<\/p>\n\n\n\n<p>Respecto a los aprendizajes fundamentales, explic\u00f3 que esta pol\u00edtica, implementada desde el inicio de la actual administraci\u00f3n estatal encabezada por Am\u00e9rico Villarreal Anaya, busca asegurar que las ni\u00f1as y los ni\u00f1os desarrollen habilidades b\u00e1sicas como la lectoescritura y el pensamiento matem\u00e1tico.<\/p>\n\n\n\n<p>Asimismo, subray\u00f3 que la revalorizaci\u00f3n docente contempla asegurar la presencia de maestras y maestros en todas las aulas, as\u00ed como fortalecer las condiciones laborales y profesionales del magisterio.<\/p>\n\n\n\n<p>El secretario inform\u00f3 que ya se observan avances en los indicadores educativos, particularmente a trav\u00e9s de la evaluaci\u00f3n \u201cTamaulipas Aprende\u201d, donde se registran mejoras en distintas \u00e1reas, destacando el incremento en el desempe\u00f1o de matem\u00e1ticas a nivel secundaria.<\/p>\n\n\n\n<p>Finalmente, resalt\u00f3 que estos logros han sido posibles gracias al respaldo institucional y a la coordinaci\u00f3n con la Federaci\u00f3n, encabezada por la presidenta Claudia Sheinbaum Pardo, mediante programas como \u201cLa Escuela es Nuestra\u201d y el Fondo de Aportaciones M\u00faltiples, orientados a fortalecer la infraestructura educativa.<\/p>\n","protected":false},"excerpt":{"rendered":"<p>Abril 29 de 2026 Ciudad Victoria, Tamaulipas.\u2013 La estrategia \u201cTamaulipas Educa\u201d, integrada por 10 objetivos espec\u00edficos y 100 acciones prioritarias, tiene como prop\u00f3sito consolidar una transformaci\u00f3n educativa con enfoque humanista en la entidad, inform\u00f3 el secretario de Educaci\u00f3n, Miguel \u00c1ngel Valdez Garc\u00eda. El titular de la dependencia destac\u00f3 que esta pol\u00edtica educativa busca dejar una &hellip;<\/p>\n","protected":false},"author":2,"featured_media":4533,"comment_status":"open","ping_status":"open","sticky":false,"template":"","format":"standard","meta":{"footnotes":""},"categories":[10],"tags":[],"class_list":["post-12320","post","type-post","status-publish","format-standard","has-post-thumbnail","","category-tam"],"_links":{"self":[{"href":"https:\/\/norestedigital.net\/index.php\/wp-json\/wp\/v2\/posts\/12320","targetHints":{"allow":["GET"]}}],"collection":[{"href":"https:\/\/norestedigital.net\/index.php\/wp-json\/wp\/v2\/posts"}],"about":[{"href":"https:\/\/norestedigital.net\/index.php\/wp-json\/wp\/v2\/types\/post"}],"author":[{"embeddable":true,"href":"https:\/\/norestedigital.net\/index.php\/wp-json\/wp\/v2\/users\/2"}],"replies":[{"embeddable":true,"href":"https:\/\/norestedigital.net\/index.php\/wp-json\/wp\/v2\/comments?post=12320"}],"version-history":[{"count":1,"href":"https:\/\/norestedigital.net\/index.php\/wp-json\/wp\/v2\/posts\/12320\/revisions"}],"predecessor-version":[{"id":12321,"href":"https:\/\/norestedigital.net\/index.php\/wp-json\/wp\/v2\/posts\/12320\/revisions\/12321"}],"wp:featuredmedia":[{"embeddable":true,"href":"https:\/\/norestedigital.net\/index.php\/wp-json\/wp\/v2\/media\/4533"}],"wp:attachment":[{"href":"https:\/\/norestedigital.net\/index.php\/wp-json\/wp\/v2\/media?parent=12320"}],"wp:term":[{"taxonomy":"category","embeddable":true,"href":"https:\/\/norestedigital.net\/index.php\/wp-json\/wp\/v2\/categories?post=12320"},{"taxonomy":"post_tag","embeddable":true,"href":"https:\/\/norestedigital.net\/index.php\/wp-json\/wp\/v2\/tags?post=12320"}],"curies":[{"name":"wp","href":"https:\/\/api.w.org\/{rel}","templated":true}]}}