{"id":12331,"date":"2026-04-29T20:02:07","date_gmt":"2026-04-30T02:02:07","guid":{"rendered":"https:\/\/norestedigital.net\/?p=12331"},"modified":"2026-04-29T20:26:34","modified_gmt":"2026-04-30T02:26:34","slug":"gobierno-de-nuevo-laredo-abre-espacios-publicos-gratis-por-el-dia-del-nino-y-refuerza-su-compromiso-con-la-ninez","status":"publish","type":"post","link":"https:\/\/norestedigital.net\/index.php\/2026\/04\/29\/gobierno-de-nuevo-laredo-abre-espacios-publicos-gratis-por-el-dia-del-nino-y-refuerza-su-compromiso-con-la-ninez\/","title":{"rendered":"GOBIERNO DE NUEVO LAREDO ABRE ESPACIOS P\u00daBLICOS GRATIS POR EL D\u00cdA DEL NI\u00d1O Y REFUERZA SU COMPROMISO CON LA NI\u00d1EZ"},"content":{"rendered":"\n<p>29 de abril del 2026<\/p>\n\n\n\n<p>En una acci\u00f3n que reafirma el compromiso con el bienestar de las familias y el derecho de la ni\u00f1ez al esparcimiento, el Gobierno Municipal de Nuevo Laredo, encabezado por la alcaldesa Carmen Lilia Canturosas Villarreal, anunci\u00f3 que este 30 de abril el Zool\u00f3gico, el Acuario y la alberca Cam\u00e9cuaro estar\u00e1n abiertos al p\u00fablico de manera totalmente gratuita. <\/p>\n\n\n\n<p>Con motivo del D\u00eda del Ni\u00f1o, esta medida busca garantizar que todas las ni\u00f1as y ni\u00f1os, sin distinci\u00f3n, puedan disfrutar de espacios recreativos dignos, seguros y accesibles, como parte de una pol\u00edtica p\u00fablica enfocada en fortalecer el tejido social desde la infancia. <\/p>\n\n\n\n<p>El Zool\u00f3gico y el Acuario de Nuevo Laredo recibir\u00e1n a las familias en un horario de 11:00 de la ma\u00f1ana a 6:00 de la tarde, ofreciendo experiencias educativas y de convivencia, mientras que la alberca Cam\u00e9cuaro, ubicada en el Parque Viveros, tambi\u00e9n estar\u00e1 disponible sin costo para quienes deseen refrescarse y celebrar en comunidad. <\/p>\n\n\n\n<p>La alcaldesa destac\u00f3 que este tipo de acciones no son aisladas, sino parte de una visi\u00f3n de gobierno que pone al centro a las personas, particularmente a las ni\u00f1as y ni\u00f1os, impulsando entornos donde puedan crecer con bienestar, alegr\u00eda y oportunidades. <\/p>\n\n\n\n<p>De igual forma, ante el inicio de la temporada de calor, se invita a la ciudadan\u00eda a aprovechar otros espacios p\u00fablicos como las \u00e1reas acu\u00e1ticas del Parque Viveros, El Laguito y las plazas \u201cPies Mojados\u201d, que contin\u00faan consolid\u00e1ndose como puntos de encuentro familiar.<\/p>\n\n\n\n<p>El Gobierno Municipal exhorta a la poblaci\u00f3n a hacer uso responsable de estas instalaciones, respetando las normas de seguridad y contribuyendo a su cuidado, para que estos espacios sigan siendo patrimonio de todas y todos. <\/p>\n\n\n\n<p>Con estas acciones, la administraci\u00f3n municipal no solo celebra a la ni\u00f1ez, sino que consolida una pol\u00edtica social incluyente que acerca los servicios y espacios p\u00fablicos a la ciudadan\u00eda, fortaleciendo el sentido de comunidad y el orgullo por Nuevo Laredo.<\/p>\n","protected":false},"excerpt":{"rendered":"<p>29 de abril del 2026 En una acci\u00f3n que reafirma el compromiso con el bienestar de las familias y el derecho de la ni\u00f1ez al esparcimiento, el Gobierno Municipal de Nuevo Laredo, encabezado por la alcaldesa Carmen Lilia Canturosas Villarreal, anunci\u00f3 que este 30 de abril el Zool\u00f3gico, el Acuario y la alberca Cam\u00e9cuaro estar\u00e1n &hellip;<\/p>\n","protected":false},"author":2,"featured_media":12332,"comment_status":"open","ping_status":"open","sticky":false,"template":"","format":"standard","meta":{"footnotes":""},"categories":[37],"tags":[],"class_list":["post-12331","post","type-post","status-publish","format-standard","has-post-thumbnail","","category-nuevo-laredo"],"_links":{"self":[{"href":"https:\/\/norestedigital.net\/index.php\/wp-json\/wp\/v2\/posts\/12331","targetHints":{"allow":["GET"]}}],"collection":[{"href":"https:\/\/norestedigital.net\/index.php\/wp-json\/wp\/v2\/posts"}],"about":[{"href":"https:\/\/norestedigital.net\/index.php\/wp-json\/wp\/v2\/types\/post"}],"author":[{"embeddable":true,"href":"https:\/\/norestedigital.net\/index.php\/wp-json\/wp\/v2\/users\/2"}],"replies":[{"embeddable":true,"href":"https:\/\/norestedigital.net\/index.php\/wp-json\/wp\/v2\/comments?post=12331"}],"version-history":[{"count":2,"href":"https:\/\/norestedigital.net\/index.php\/wp-json\/wp\/v2\/posts\/12331\/revisions"}],"predecessor-version":[{"id":12344,"href":"https:\/\/norestedigital.net\/index.php\/wp-json\/wp\/v2\/posts\/12331\/revisions\/12344"}],"wp:featuredmedia":[{"embeddable":true,"href":"https:\/\/norestedigital.net\/index.php\/wp-json\/wp\/v2\/media\/12332"}],"wp:attachment":[{"href":"https:\/\/norestedigital.net\/index.php\/wp-json\/wp\/v2\/media?parent=12331"}],"wp:term":[{"taxonomy":"category","embeddable":true,"href":"https:\/\/norestedigital.net\/index.php\/wp-json\/wp\/v2\/categories?post=12331"},{"taxonomy":"post_tag","embeddable":true,"href":"https:\/\/norestedigital.net\/index.php\/wp-json\/wp\/v2\/tags?post=12331"}],"curies":[{"name":"wp","href":"https:\/\/api.w.org\/{rel}","templated":true}]}}