{"id":12339,"date":"2026-04-29T20:24:14","date_gmt":"2026-04-30T02:24:14","guid":{"rendered":"https:\/\/norestedigital.net\/?p=12339"},"modified":"2026-04-29T20:24:16","modified_gmt":"2026-04-30T02:24:16","slug":"fortalece-uat-investigacion-y-vinculacion-educativa-set","status":"publish","type":"post","link":"https:\/\/norestedigital.net\/index.php\/2026\/04\/29\/fortalece-uat-investigacion-y-vinculacion-educativa-set\/","title":{"rendered":"Fortalece UAT investigaci\u00f3n y vinculaci\u00f3n educativa: SET"},"content":{"rendered":"\n<p>Abril 29 de 2026<\/p>\n\n\n\n<p>Ciudad Victoria, Tamaulipas.\u2013 La Universidad Aut\u00f3noma de Tamaulipas (UAT) fortalece su vinculaci\u00f3n con la Secretar\u00eda de Educaci\u00f3n en la entidad, particularmente en los \u00e1mbitos de la investigaci\u00f3n y la ampliaci\u00f3n de espacios en la educaci\u00f3n media superior, inform\u00f3 el secretario de Educaci\u00f3n, Miguel \u00c1ngel Valdez Garc\u00eda.<\/p>\n\n\n\n<p>El titular de la dependencia destac\u00f3 que la UAT es la instituci\u00f3n que m\u00e1s investigadores aporta al Sistema Nacional de Investigadoras e Investigadores en el estado, contribuyendo con proyectos que generan conocimiento orientado a la soluci\u00f3n de problem\u00e1ticas sociales.<\/p>\n\n\n\n<p>Asimismo, reconoci\u00f3 el liderazgo del rector D\u00e1maso Anaya Alvarado, al se\u00f1alar que la vinculaci\u00f3n entre ambas instituciones ha permitido consolidar iniciativas acad\u00e9micas y de investigaci\u00f3n en beneficio del sistema educativo.<\/p>\n\n\n\n<p>En materia de cobertura educativa, destac\u00f3 la colaboraci\u00f3n de la universidad en la apertura de espacios en educaci\u00f3n media superior, particularmente en municipios con alta demanda como Reynosa, Nuevo Laredo y Altamira, mediante esquemas innovadores como preparatorias virtuales.<\/p>\n\n\n\n<p>De igual forma, subray\u00f3 la coordinaci\u00f3n en programas de becas impulsados por el gobierno estatal, encabezado por Am\u00e9rico Villarreal Anaya, que benefician a estudiantes universitarios y fortalecen la permanencia escolar.<\/p>\n\n\n\n<p>El secretario inform\u00f3 que esta colaboraci\u00f3n se extiende a proyectos espec\u00edficos de investigaci\u00f3n aplicada, como el diagn\u00f3stico de problem\u00e1ticas socioemocionales en planteles educativos, iniciativa desarrollada por especialistas de la UAT en coordinaci\u00f3n con la Secretar\u00eda de Educaci\u00f3n.<\/p>\n\n\n\n<p>Finalmente, reiter\u00f3 que el trabajo conjunto entre la UAT y el Gobierno del Estado consolida a la educaci\u00f3n superior como un eje estrat\u00e9gico para la transformaci\u00f3n social, mediante la generaci\u00f3n de conocimiento, la innovaci\u00f3n educativa y la atenci\u00f3n a las necesidades del entorno.<\/p>\n","protected":false},"excerpt":{"rendered":"<p>Abril 29 de 2026 Ciudad Victoria, Tamaulipas.\u2013 La Universidad Aut\u00f3noma de Tamaulipas (UAT) fortalece su vinculaci\u00f3n con la Secretar\u00eda de Educaci\u00f3n en la entidad, particularmente en los \u00e1mbitos de la investigaci\u00f3n y la ampliaci\u00f3n de espacios en la educaci\u00f3n media superior, inform\u00f3 el secretario de Educaci\u00f3n, Miguel \u00c1ngel Valdez Garc\u00eda. El titular de la dependencia &hellip;<\/p>\n","protected":false},"author":2,"featured_media":12340,"comment_status":"open","ping_status":"open","sticky":false,"template":"","format":"standard","meta":{"footnotes":""},"categories":[58,62,42],"tags":[],"class_list":["post-12339","post","type-post","status-publish","format-standard","has-post-thumbnail","","category-educacion","category-portada","category-uat"],"_links":{"self":[{"href":"https:\/\/norestedigital.net\/index.php\/wp-json\/wp\/v2\/posts\/12339","targetHints":{"allow":["GET"]}}],"collection":[{"href":"https:\/\/norestedigital.net\/index.php\/wp-json\/wp\/v2\/posts"}],"about":[{"href":"https:\/\/norestedigital.net\/index.php\/wp-json\/wp\/v2\/types\/post"}],"author":[{"embeddable":true,"href":"https:\/\/norestedigital.net\/index.php\/wp-json\/wp\/v2\/users\/2"}],"replies":[{"embeddable":true,"href":"https:\/\/norestedigital.net\/index.php\/wp-json\/wp\/v2\/comments?post=12339"}],"version-history":[{"count":1,"href":"https:\/\/norestedigital.net\/index.php\/wp-json\/wp\/v2\/posts\/12339\/revisions"}],"predecessor-version":[{"id":12341,"href":"https:\/\/norestedigital.net\/index.php\/wp-json\/wp\/v2\/posts\/12339\/revisions\/12341"}],"wp:featuredmedia":[{"embeddable":true,"href":"https:\/\/norestedigital.net\/index.php\/wp-json\/wp\/v2\/media\/12340"}],"wp:attachment":[{"href":"https:\/\/norestedigital.net\/index.php\/wp-json\/wp\/v2\/media?parent=12339"}],"wp:term":[{"taxonomy":"category","embeddable":true,"href":"https:\/\/norestedigital.net\/index.php\/wp-json\/wp\/v2\/categories?post=12339"},{"taxonomy":"post_tag","embeddable":true,"href":"https:\/\/norestedigital.net\/index.php\/wp-json\/wp\/v2\/tags?post=12339"}],"curies":[{"name":"wp","href":"https:\/\/api.w.org\/{rel}","templated":true}]}}