{"id":12342,"date":"2026-04-29T20:26:43","date_gmt":"2026-04-30T02:26:43","guid":{"rendered":"https:\/\/norestedigital.net\/?p=12342"},"modified":"2026-04-29T20:26:46","modified_gmt":"2026-04-30T02:26:46","slug":"emite-secretaria-de-salud-recomendaciones-por-altas-temperaturas","status":"publish","type":"post","link":"https:\/\/norestedigital.net\/index.php\/2026\/04\/29\/emite-secretaria-de-salud-recomendaciones-por-altas-temperaturas\/","title":{"rendered":"Emite Secretar\u00eda de Salud recomendaciones por altas temperaturas"},"content":{"rendered":"\n<p>Abril 29 de 2026<\/p>\n\n\n\n<p>Ciudad Victoria, Tamaulipas.\u2013 Ante la presencia de una onda de calor en la entidad, la Secretar\u00eda de Salud de Tamaulipas exhort\u00f3 a la poblaci\u00f3n a adoptar medidas preventivas para evitar afectaciones a la salud, especialmente durante los d\u00edas cr\u00edticos que, de acuerdo con el reporte del \u00e1rea de meteorolog\u00eda del Organismo Cuenca Golfo Norte, se extender\u00e1n hasta el 1 de mayo.<\/p>\n\n\n\n<p>La titular de la dependencia, Adriana Marcela Hern\u00e1ndez Campos, se\u00f1al\u00f3 que este fen\u00f3meno clim\u00e1tico puede prolongarse de cuatro a diez d\u00edas, incrementando el riesgo de padecimientos como golpe de calor, enfermedades diarreicas, deshidrataci\u00f3n severa y complicaciones en enfermedades cr\u00f3nico-degenerativas como la diabetes e hipertensi\u00f3n.<\/p>\n\n\n\n<p>Asimismo, indic\u00f3 que durante esta temporada pueden aumentar las enfermedades gastrointestinales, por lo que recomend\u00f3 extremar medidas de higiene, como el lavado frecuente de manos y el consumo de alimentos en condiciones seguras.<\/p>\n\n\n\n<p>Entre las principales recomendaciones, destac\u00f3:<\/p>\n\n\n\n<p>* Mantener una adecuada hidrataci\u00f3n mediante el consumo constante de agua.<\/p>\n\n\n\n<p>* Evitar la exposici\u00f3n prolongada al sol, especialmente en horarios de mayor radiaci\u00f3n.<\/p>\n\n\n\n<p>* No realizar actividades f\u00edsicas intensas al aire libre durante las horas de calor.<\/p>\n\n\n\n<p>* Consumir alimentos frescos y en buen estado.<\/p>\n\n\n\n<p>* Evitar el consumo de bebidas alcoh\u00f3licas.<\/p>\n\n\n\n<p>Tambi\u00e9n advirti\u00f3 sobre la importancia de no permanecer en veh\u00edculos cerrados ni dejar en su interior a ni\u00f1as, ni\u00f1os, personas adultas mayores o personas con discapacidad, debido al riesgo que representa el incremento de la temperatura.<\/p>\n\n\n\n<p>La funcionaria subray\u00f3 que los grupos m\u00e1s vulnerables ante estas condiciones son trabajadores de la construcci\u00f3n y del campo, deportistas, as\u00ed como ni\u00f1as, ni\u00f1os y personas adultas mayores.<\/p>\n\n\n\n<p>En cuanto al cuidado de los animales, recomend\u00f3 asegurar que las mascotas cuenten con agua suficiente, espacios ventilados y evitar dejarlas en veh\u00edculos o azoteas expuestas al sol.<\/p>\n\n\n\n<p>Finalmente, inform\u00f3 que, de acuerdo con el reporte epidemiol\u00f3gico de 2025, en nueve municipios se registraron 68 casos asociados a las altas temperaturas, de los cuales 26 correspondieron a insolaci\u00f3n, 22 a golpe de calor, 19 a deshidrataci\u00f3n y uno a quemaduras por exposici\u00f3n solar.<\/p>\n","protected":false},"excerpt":{"rendered":"<p>Abril 29 de 2026 Ciudad Victoria, Tamaulipas.\u2013 Ante la presencia de una onda de calor en la entidad, la Secretar\u00eda de Salud de Tamaulipas exhort\u00f3 a la poblaci\u00f3n a adoptar medidas preventivas para evitar afectaciones a la salud, especialmente durante los d\u00edas cr\u00edticos que, de acuerdo con el reporte del \u00e1rea de meteorolog\u00eda del Organismo &hellip;<\/p>\n","protected":false},"author":2,"featured_media":12343,"comment_status":"open","ping_status":"open","sticky":false,"template":"","format":"standard","meta":{"footnotes":""},"categories":[56],"tags":[],"class_list":["post-12342","post","type-post","status-publish","format-standard","has-post-thumbnail","","category-salud"],"_links":{"self":[{"href":"https:\/\/norestedigital.net\/index.php\/wp-json\/wp\/v2\/posts\/12342","targetHints":{"allow":["GET"]}}],"collection":[{"href":"https:\/\/norestedigital.net\/index.php\/wp-json\/wp\/v2\/posts"}],"about":[{"href":"https:\/\/norestedigital.net\/index.php\/wp-json\/wp\/v2\/types\/post"}],"author":[{"embeddable":true,"href":"https:\/\/norestedigital.net\/index.php\/wp-json\/wp\/v2\/users\/2"}],"replies":[{"embeddable":true,"href":"https:\/\/norestedigital.net\/index.php\/wp-json\/wp\/v2\/comments?post=12342"}],"version-history":[{"count":1,"href":"https:\/\/norestedigital.net\/index.php\/wp-json\/wp\/v2\/posts\/12342\/revisions"}],"predecessor-version":[{"id":12345,"href":"https:\/\/norestedigital.net\/index.php\/wp-json\/wp\/v2\/posts\/12342\/revisions\/12345"}],"wp:featuredmedia":[{"embeddable":true,"href":"https:\/\/norestedigital.net\/index.php\/wp-json\/wp\/v2\/media\/12343"}],"wp:attachment":[{"href":"https:\/\/norestedigital.net\/index.php\/wp-json\/wp\/v2\/media?parent=12342"}],"wp:term":[{"taxonomy":"category","embeddable":true,"href":"https:\/\/norestedigital.net\/index.php\/wp-json\/wp\/v2\/categories?post=12342"},{"taxonomy":"post_tag","embeddable":true,"href":"https:\/\/norestedigital.net\/index.php\/wp-json\/wp\/v2\/tags?post=12342"}],"curies":[{"name":"wp","href":"https:\/\/api.w.org\/{rel}","templated":true}]}}