{"id":12346,"date":"2026-04-29T20:33:30","date_gmt":"2026-04-30T02:33:30","guid":{"rendered":"https:\/\/norestedigital.net\/?p=12346"},"modified":"2026-04-29T20:55:37","modified_gmt":"2026-04-30T02:55:37","slug":"celebran-a-la-ninez-tamaulipeca-con-acceso-gratuito-a-parques-estatales","status":"publish","type":"post","link":"https:\/\/norestedigital.net\/index.php\/2026\/04\/29\/celebran-a-la-ninez-tamaulipeca-con-acceso-gratuito-a-parques-estatales\/","title":{"rendered":"Celebran a la ni\u00f1ez tamaulipeca con acceso gratuito a parques estatales"},"content":{"rendered":"\n<p>Abril 29 de 2026<\/p>\n\n\n\n<p>Ciudad Victoria, Tamaulipas.\u2013 En el marco de la celebraci\u00f3n del D\u00eda del Ni\u00f1o, la Comisi\u00f3n de Parques y Biodiversidad de Tamaulipas inform\u00f3 que el pr\u00f3ximo 30 de abril las ni\u00f1as y ni\u00f1os podr\u00e1n ingresar de manera gratuita a todos los parques administrados por este organismo, como parte de las acciones orientadas a fomentar la convivencia familiar y el contacto con la naturaleza.<\/p>\n\n\n\n<p>El vocal de la Comisi\u00f3n, Eduardo Rocha Orozco, destac\u00f3 que esta iniciativa busca garantizar espacios accesibles, seguros e incluyentes que contribuyan al desarrollo integral de la ni\u00f1ez tamaulipeca.<\/p>\n\n\n\n<p>Se\u00f1al\u00f3 que esta acci\u00f3n forma parte de la pol\u00edtica social impulsada por el gobernador Am\u00e9rico Villarreal Anaya, orientada a fortalecer el bienestar de las familias y promover el uso de espacios p\u00fablicos dignos.<\/p>\n\n\n\n<p>Asimismo, inform\u00f3 que actualmente se realizan trabajos de rehabilitaci\u00f3n en diversos parques del estado, incluyendo mantenimiento general, mejoras en \u00e1reas recreativas, acondicionamiento de lagos y rehabilitaci\u00f3n de recintos de fauna, con el objetivo de ofrecer instalaciones en \u00f3ptimas condiciones.<\/p>\n\n\n\n<p>En este contexto, destac\u00f3 el avance en la instalaci\u00f3n de una granja interactiva, la cual permitir\u00e1 a ni\u00f1as y ni\u00f1os tener un acercamiento directo con los animales, fortaleciendo la educaci\u00f3n ambiental y la conciencia sobre el cuidado de la biodiversidad.<\/p>\n\n\n\n<p>Con estas acciones, la Comisi\u00f3n de Parques y Biodiversidad de Tamaulipas reafirma su compromiso de impulsar espacios que promuevan la convivencia, el aprendizaje y el respeto por el entorno natural, contribuyendo al fortalecimiento del tejido social en la entidad.<\/p>\n\n\n\n<figure class=\"wp-block-image\"><a href=\"https:\/\/www.tamaulipas.gob.mx\/wp-content\/uploads\/2026\/04\/CPB-028-2026.-Celebran-a-la-ninez-tamaulipeca-con-acceso-gratuito-a-parques-estatales-1.jpeg\"><img decoding=\"async\" src=\"https:\/\/www.tamaulipas.gob.mx\/wp-content\/uploads\/2026\/04\/CPB-028-2026.-Celebran-a-la-ninez-tamaulipeca-con-acceso-gratuito-a-parques-estatales-1-850x500.jpeg\" alt=\"\"\/><\/a><\/figure>\n\n\n\n<figure class=\"wp-block-image\"><a href=\"https:\/\/www.tamaulipas.gob.mx\/wp-content\/uploads\/2026\/04\/CPB-028-2026.-Celebran-a-la-ninez-tamaulipeca-con-acceso-gratuito-a-parques-estatales-2.jpeg\"><img decoding=\"async\" src=\"https:\/\/www.tamaulipas.gob.mx\/wp-content\/uploads\/2026\/04\/CPB-028-2026.-Celebran-a-la-ninez-tamaulipeca-con-acceso-gratuito-a-parques-estatales-2-850x500.jpeg\" alt=\"\"\/><\/a><\/figure>\n","protected":false},"excerpt":{"rendered":"<p>Abril 29 de 2026 Ciudad Victoria, Tamaulipas.\u2013 En el marco de la celebraci\u00f3n del D\u00eda del Ni\u00f1o, la Comisi\u00f3n de Parques y Biodiversidad de Tamaulipas inform\u00f3 que el pr\u00f3ximo 30 de abril las ni\u00f1as y ni\u00f1os podr\u00e1n ingresar de manera gratuita a todos los parques administrados por este organismo, como parte de las acciones orientadas &hellip;<\/p>\n","protected":false},"author":2,"featured_media":12347,"comment_status":"open","ping_status":"open","sticky":false,"template":"","format":"standard","meta":{"footnotes":""},"categories":[62,10],"tags":[],"class_list":["post-12346","post","type-post","status-publish","format-standard","has-post-thumbnail","","category-portada","category-tam"],"_links":{"self":[{"href":"https:\/\/norestedigital.net\/index.php\/wp-json\/wp\/v2\/posts\/12346","targetHints":{"allow":["GET"]}}],"collection":[{"href":"https:\/\/norestedigital.net\/index.php\/wp-json\/wp\/v2\/posts"}],"about":[{"href":"https:\/\/norestedigital.net\/index.php\/wp-json\/wp\/v2\/types\/post"}],"author":[{"embeddable":true,"href":"https:\/\/norestedigital.net\/index.php\/wp-json\/wp\/v2\/users\/2"}],"replies":[{"embeddable":true,"href":"https:\/\/norestedigital.net\/index.php\/wp-json\/wp\/v2\/comments?post=12346"}],"version-history":[{"count":1,"href":"https:\/\/norestedigital.net\/index.php\/wp-json\/wp\/v2\/posts\/12346\/revisions"}],"predecessor-version":[{"id":12348,"href":"https:\/\/norestedigital.net\/index.php\/wp-json\/wp\/v2\/posts\/12346\/revisions\/12348"}],"wp:featuredmedia":[{"embeddable":true,"href":"https:\/\/norestedigital.net\/index.php\/wp-json\/wp\/v2\/media\/12347"}],"wp:attachment":[{"href":"https:\/\/norestedigital.net\/index.php\/wp-json\/wp\/v2\/media?parent=12346"}],"wp:term":[{"taxonomy":"category","embeddable":true,"href":"https:\/\/norestedigital.net\/index.php\/wp-json\/wp\/v2\/categories?post=12346"},{"taxonomy":"post_tag","embeddable":true,"href":"https:\/\/norestedigital.net\/index.php\/wp-json\/wp\/v2\/tags?post=12346"}],"curies":[{"name":"wp","href":"https:\/\/api.w.org\/{rel}","templated":true}]}}