{"id":12389,"date":"2026-04-30T11:08:39","date_gmt":"2026-04-30T17:08:39","guid":{"rendered":"https:\/\/norestedigital.net\/?p=12389"},"modified":"2026-04-30T11:08:52","modified_gmt":"2026-04-30T17:08:52","slug":"donald-trump-le-pidio-al-canciller-aleman-que-se-ocupe-de-su-pais-y-no-interfiera-en-la-guerra-en-iran","status":"publish","type":"post","link":"https:\/\/norestedigital.net\/index.php\/2026\/04\/30\/donald-trump-le-pidio-al-canciller-aleman-que-se-ocupe-de-su-pais-y-no-interfiera-en-la-guerra-en-iran\/","title":{"rendered":"Donald Trump le pidi\u00f3 al canciller alem\u00e1n que se ocupe de su pa\u00eds y no interfiera en la guerra en Ir\u00e1n"},"content":{"rendered":"\n<h2 class=\"wp-block-heading\">El mandatario asegur\u00f3 que los esfuerzos de EEUU por acabar con el programa nuclear del r\u00e9gimen de Teher\u00e1n har\u00e1n \u201cdel mundo, incluida Alemania, un lugar m\u00e1s seguro\u201d. Adem\u00e1s consider\u00f3 que el pa\u00eds europeo tiene serios problemas en inmigraci\u00f3n y energ\u00eda<\/h2>\n\n\n\n<p>30 Abr, 2026 <img loading=\"lazy\" decoding=\"async\" height=\"4335\" width=\"6500\" src=\"https:\/\/www.infobae.com\/resizer\/v2\/377XBOYPYVH43BU7GS6J3QWHFU.JPG?auth=aab05765ed93e8496ee700a8151630298e6f975a25f34ffe6480546871e59944&amp;smart=true&amp;width=350&amp;height=233&amp;quality=85\" alt=\"El presidente de Estados Unidos, Donald Trump. REUTERS\/Evelyn Hockstein\">El presidente de Estados Unidos, Donald Trump. REUTERS<\/p>\n\n\n\n<p>El presidente de Estados Unidos, Donald Trump, advirti\u00f3 este jueves al canciller alem\u00e1n, Friedrich Merz, que deber\u00eda ocuparse m\u00e1s en \u201carreglar\u201d su pa\u00eds \u201croto\u201d y poner fin a la guerra en Ucrania, que en \u201cinterferir\u201d en el conflicto con Ir\u00e1n, en una nueva andanada en el cruce de cr\u00edticas entre ambos l\u00edderes.<\/p>\n\n\n\n<p><strong>\u201cEl canciller de Alemania deber\u00eda dedicar m\u00e1s tiempo a poner fin a la guerra con Rusia\/Ucrania (\u00a1donde ha sido totalmente ineficaz!) y a arreglar su pa\u00eds, que est\u00e1 roto, especialmente en materia de inmigraci\u00f3n y energ\u00eda; y menos tiempo a interferir con aquellos que est\u00e1n eliminando la amenaza nuclear iran\u00ed\u201d<\/strong>, escribi\u00f3 en Truth Social.<\/p>\n\n\n\n<p>Seg\u00fan el mandatario, los esfuerzos de EE.UU. por acabar con el programa nuclear de Ir\u00e1n har\u00e1n \u201cdel mundo, incluida Alemania, un lugar m\u00e1s seguro\u201d.<\/p>\n\n\n\n<p>La v\u00edspera, el estadounidense anunci\u00f3 en Truth Social que su Gobierno&nbsp;<strong>\u201cest\u00e1 estudiando y analizando la posible reducci\u00f3n de tropas en Alemania\u201d<\/strong>&nbsp;y agreg\u00f3 que la decisi\u00f3n podr\u00eda ser anunciada en los pr\u00f3ximos d\u00edas.<\/p>\n\n\n\n<p>Un d\u00eda antes, Trump ya hab\u00eda respondido a las afirmaciones del canciller alem\u00e1n de que la Administraci\u00f3n estadounidense no tiene una estrategia de salida coherente del conflicto y que Teher\u00e1n est\u00e1 \u201chumillando\u201d a Washington en las negociaciones de paz.<\/p>\n\n\n\n<p>El republicano acus\u00f3 al l\u00edder europeo de no apoyar a EE.UU. en la guerra contra Ir\u00e1n y de creer \u201cque est\u00e1 bien que Ir\u00e1n tenga un arma nuclear\u201d, adem\u00e1s de recalcar que \u201c\u00a1con raz\u00f3n a Alemania le va tan mal, tanto en lo econ\u00f3mico como en otros aspectos!\u201d.<\/p>\n\n\n\n<p>Merz apoy\u00f3 en un comienzo los ataques estadounidenses e israel\u00edes a Ir\u00e1n. Sin embargo, con el paso del tiempo ha asumido una postura cada vez m\u00e1s cr\u00edtica, lo que le ha valido los reproches del republicano.<img loading=\"lazy\" decoding=\"async\" alt=\"Merz destaca la aportaci\u00f3n &quot;indispensable&quot; del Ej\u00e9rcito de Alemania a la OTAN tras las cr\u00edticas de Trump\" height=\"1280\" width=\"1920\" src=\"https:\/\/www.infobae.com\/resizer\/v2\/PE43CHX3XNCS7BO3SAKZS6T6BM.jpg?auth=80a836f894301e1fed2008b3eefd6fbf6186a66c16632f33257bd51299b97747&amp;smart=true&amp;width=350&amp;height=233&amp;quality=85\">Merz destaca la aportaci\u00f3n \u00abindispensable\u00bb del Ej\u00e9rcito de Alemania a la OTAN tras las cr\u00edticas de Trump<\/p>\n\n\n\n<p><strong>Trump ha criticado repetidamente a sus aliados europeos por no acudir al llamado de Washington, que junto a Israel inici\u00f3 la guerra contra Ir\u00e1n el 28 de febrero<\/strong>, sin consultar o comunicar previamente a sus socios de la OTAN.<\/p>\n\n\n\n<p>Este mismo jueves y despu\u00e9s de las amenazas del estadounidense de reducir su presencia en Alemania, Merz se mostr\u00f3 confiado en la fiabilidad de la OTAN y resalt\u00f3 la necesidad de \u201cuna asociaci\u00f3n transatl\u00e1ntica fiable\u201d.<\/p>\n\n\n\n<p>El canciller alem\u00e1n ha afirmado tambi\u00e9n que, en su opini\u00f3n, su relaci\u00f3n con Trump sigue siendo buena a pesar del cruce de cr\u00edticas.<\/p>\n\n\n\n<p><strong>Merz asegur\u00f3 este jueves que Alemania a\u00fan cuenta con suficiente suministro de petr\u00f3leo y gas, pero admiti\u00f3 que el bloqueo del estrecho de Ormuz tiene un impacto en los precios<\/strong>, por lo que debe reabrirse cuanto antes, dada su importancia estrat\u00e9gica.<\/p>\n\n\n\n<p><strong>\u201cTodav\u00eda contamos con suficientes materias primas, suficiente suministro de petr\u00f3leo y gas\u201d<\/strong>, se\u00f1al\u00f3 Merz en un acto p\u00fablico en Salzwedel, en el estado federado oriental de Sajonia-Anhalt, en el que respondi\u00f3 a preguntas de lectores de peri\u00f3dicos locales.<\/p>\n\n\n\n<p>Indic\u00f3 que a trav\u00e9s del estrecho de Ormuz \u201cpasa una cantidad relativamente peque\u00f1a del suministro destinado a Europa\u201d, de manera que \u201cla mayor parte proviene de otras fuentes\u201d.<\/p>\n\n\n\n<p>Pero a\u00f1adi\u00f3 que \u201cla escasez en los mercados globales es, por supuesto, una se\u00f1al importante para la evoluci\u00f3n de los precios\u201d tambi\u00e9n en Alemania.<\/p>\n\n\n\n<p>Dijo que por ello est\u00e1 haciendo todo lo posible para reabrir el estrecho de Ormuz.<\/p>\n\n\n\n<p><strong>\u201cEstamos trabajando intensamente en el \u00e1mbito diplom\u00e1tico para lograrlo\u201d<\/strong>, subray\u00f3 el canciller alem\u00e1n, quien reiter\u00f3 que su pa\u00eds est\u00e1 dispuesto a garantizar militarmente la seguridad de un estrecho de Ormuz reabierto una vez haya un alto el fuego sostenido.<\/p>\n\n\n\n<p>Merz defendi\u00f3 adem\u00e1s las medidas que ha tomado su gobierno para paliar el impacto del aumento de los precios de los combustibles en los consumidores, al afirmar que, aunque no compensan los incrementos, el Ejecutivo ha hecho \u201ctodo lo que est\u00e1 en su mano\u201d.<\/p>\n\n\n\n<p>El canciller alem\u00e1n record\u00f3 que este viernes entra en vigor una reducci\u00f3n limitada a dos meses del impuesto sobre hidrocarburos de unos 17 c\u00e9ntimos brutos por litro de di\u00e9sel y gasolina.<\/p>\n\n\n\n<p><em>(Con informaci\u00f3n de EFE)<\/em><\/p>\n","protected":false},"excerpt":{"rendered":"<p>El mandatario asegur\u00f3 que los esfuerzos de EEUU por acabar con el programa nuclear del r\u00e9gimen de Teher\u00e1n har\u00e1n \u201cdel mundo, incluida Alemania, un lugar m\u00e1s seguro\u201d. Adem\u00e1s consider\u00f3 que el pa\u00eds europeo tiene serios problemas en inmigraci\u00f3n y energ\u00eda 30 Abr, 2026 El presidente de Estados Unidos, Donald Trump. REUTERS El presidente de Estados &hellip;<\/p>\n","protected":false},"author":2,"featured_media":12400,"comment_status":"open","ping_status":"open","sticky":false,"template":"","format":"standard","meta":{"footnotes":""},"categories":[64,68],"tags":[],"class_list":["post-12389","post","type-post","status-publish","format-standard","has-post-thumbnail","","category-estados-unidos","category-mundo"],"_links":{"self":[{"href":"https:\/\/norestedigital.net\/index.php\/wp-json\/wp\/v2\/posts\/12389","targetHints":{"allow":["GET"]}}],"collection":[{"href":"https:\/\/norestedigital.net\/index.php\/wp-json\/wp\/v2\/posts"}],"about":[{"href":"https:\/\/norestedigital.net\/index.php\/wp-json\/wp\/v2\/types\/post"}],"author":[{"embeddable":true,"href":"https:\/\/norestedigital.net\/index.php\/wp-json\/wp\/v2\/users\/2"}],"replies":[{"embeddable":true,"href":"https:\/\/norestedigital.net\/index.php\/wp-json\/wp\/v2\/comments?post=12389"}],"version-history":[{"count":1,"href":"https:\/\/norestedigital.net\/index.php\/wp-json\/wp\/v2\/posts\/12389\/revisions"}],"predecessor-version":[{"id":12401,"href":"https:\/\/norestedigital.net\/index.php\/wp-json\/wp\/v2\/posts\/12389\/revisions\/12401"}],"wp:featuredmedia":[{"embeddable":true,"href":"https:\/\/norestedigital.net\/index.php\/wp-json\/wp\/v2\/media\/12400"}],"wp:attachment":[{"href":"https:\/\/norestedigital.net\/index.php\/wp-json\/wp\/v2\/media?parent=12389"}],"wp:term":[{"taxonomy":"category","embeddable":true,"href":"https:\/\/norestedigital.net\/index.php\/wp-json\/wp\/v2\/categories?post=12389"},{"taxonomy":"post_tag","embeddable":true,"href":"https:\/\/norestedigital.net\/index.php\/wp-json\/wp\/v2\/tags?post=12389"}],"curies":[{"name":"wp","href":"https:\/\/api.w.org\/{rel}","templated":true}]}}