{"id":12408,"date":"2026-04-30T13:30:04","date_gmt":"2026-04-30T19:30:04","guid":{"rendered":"https:\/\/norestedigital.net\/?p=12408"},"modified":"2026-04-30T13:30:21","modified_gmt":"2026-04-30T19:30:21","slug":"brillan-tamaulipecos-en-panamericano-de-judo-eduardo-sagastegui-gana-el-oro","status":"publish","type":"post","link":"https:\/\/norestedigital.net\/index.php\/2026\/04\/30\/brillan-tamaulipecos-en-panamericano-de-judo-eduardo-sagastegui-gana-el-oro\/","title":{"rendered":"Brillan tamaulipecos en Panamericano de Judo; Eduardo Sag\u00e1stegui gana el oro"},"content":{"rendered":"\n<p>Abril 30 de 2026<\/p>\n\n\n\n<p>Guayaquil, Ecuador.\u2013 La delegaci\u00f3n de Tamaulipas tuvo una destacada participaci\u00f3n en el Campeonato Panamericano de Judo Cadete y Junior 2026, celebrado en Guayaquil, Ecuador,destacando la medalla de oro conquistada por Eduardo Sag\u00e1stegui en la categor\u00eda Junior.<\/p>\n\n\n\n<p>Los judocas tamaulipecos contribuyeron a los resultados obtenidos por la selecci\u00f3n mexicana en distintas categor\u00edas con una sobresaliente actuaci\u00f3n de Eduardo Sag\u00e1stegui, consolidando su nivel competitivo internacional y fortaleciendo su preparaci\u00f3n rumbo a la Olimpiada Nacional CONADE 2026, que se celebrar\u00e1 en M\u00e9rida, Yucat\u00e1n.<\/p>\n\n\n\n<p>En otros resultados, el tamaulipeco Rafael Garc\u00eda Estrever obtuvo la medalla de plata en la categor\u00eda cadete -73 kilogramos, tras avanzar a la final luego de enfrentar a rivales de Uruguay y Canad\u00e1, y caer ante el brasile\u00f1o Nicol\u00e1s Almeida.<\/p>\n\n\n\n<p>Por su parte, Frida Maya sum\u00f3 una medalla de bronce en la categor\u00eda -57 kilogramos, dentro de la rama femenil, manteniendo una constante en sus participaciones internacionales. As\u00ed mismo, Bella Mar\u00eda Sol\u00eds se colg\u00f3 el Bronce en la categor\u00eda Cadetes -40 kilogramos.<\/p>\n\n\n\n<p>Jos\u00e9 P\u00e9rez finaliz\u00f3 en la s\u00e9ptima posici\u00f3n en la categor\u00eda junior -66 kilogramos, al igual que Axel Gonz\u00e1lez en -81 kilogramos y Alberto Zamora cerr\u00f3 en el octavo puesto en la categor\u00eda cadete.<\/p>\n\n\n\n<p>La delegaci\u00f3n de Tamaulipas asisti\u00f3 a este certamen internacional con el respaldo del Gobierno del Estado a trav\u00e9s de la Secretar\u00eda de Bienestar Social y el Instituto del Deporte de Tamaulipas (INDE), que dirige Manuel Viru\u00e9s Lozano.<\/p>\n\n\n\n<p>La entrenadora Cecilia Mart\u00ednez Aguilera expres\u00f3 su satisfacci\u00f3n por el desempe\u00f1o del representativo tamaulipeco, integrado por siete atletas, quienes lograron posicionarse entre los mejores.<\/p>\n\n\n\n<p>Con estos resultados, la delegaci\u00f3n tamaulipeca concluy\u00f3 su participaci\u00f3n en este compromiso internacional, cumpliendo con las expectativas y sumando experiencia de cara a pr\u00f3ximos eventos del calendario nacional.<\/p>\n","protected":false},"excerpt":{"rendered":"<p>Abril 30 de 2026 Guayaquil, Ecuador.\u2013 La delegaci\u00f3n de Tamaulipas tuvo una destacada participaci\u00f3n en el Campeonato Panamericano de Judo Cadete y Junior 2026, celebrado en Guayaquil, Ecuador,destacando la medalla de oro conquistada por Eduardo Sag\u00e1stegui en la categor\u00eda Junior. Los judocas tamaulipecos contribuyeron a los resultados obtenidos por la selecci\u00f3n mexicana en distintas categor\u00edas &hellip;<\/p>\n","protected":false},"author":2,"featured_media":12409,"comment_status":"open","ping_status":"open","sticky":false,"template":"","format":"standard","meta":{"footnotes":""},"categories":[13],"tags":[],"class_list":["post-12408","post","type-post","status-publish","format-standard","has-post-thumbnail","","category-sports"],"_links":{"self":[{"href":"https:\/\/norestedigital.net\/index.php\/wp-json\/wp\/v2\/posts\/12408","targetHints":{"allow":["GET"]}}],"collection":[{"href":"https:\/\/norestedigital.net\/index.php\/wp-json\/wp\/v2\/posts"}],"about":[{"href":"https:\/\/norestedigital.net\/index.php\/wp-json\/wp\/v2\/types\/post"}],"author":[{"embeddable":true,"href":"https:\/\/norestedigital.net\/index.php\/wp-json\/wp\/v2\/users\/2"}],"replies":[{"embeddable":true,"href":"https:\/\/norestedigital.net\/index.php\/wp-json\/wp\/v2\/comments?post=12408"}],"version-history":[{"count":1,"href":"https:\/\/norestedigital.net\/index.php\/wp-json\/wp\/v2\/posts\/12408\/revisions"}],"predecessor-version":[{"id":12410,"href":"https:\/\/norestedigital.net\/index.php\/wp-json\/wp\/v2\/posts\/12408\/revisions\/12410"}],"wp:featuredmedia":[{"embeddable":true,"href":"https:\/\/norestedigital.net\/index.php\/wp-json\/wp\/v2\/media\/12409"}],"wp:attachment":[{"href":"https:\/\/norestedigital.net\/index.php\/wp-json\/wp\/v2\/media?parent=12408"}],"wp:term":[{"taxonomy":"category","embeddable":true,"href":"https:\/\/norestedigital.net\/index.php\/wp-json\/wp\/v2\/categories?post=12408"},{"taxonomy":"post_tag","embeddable":true,"href":"https:\/\/norestedigital.net\/index.php\/wp-json\/wp\/v2\/tags?post=12408"}],"curies":[{"name":"wp","href":"https:\/\/api.w.org\/{rel}","templated":true}]}}