{"id":12414,"date":"2026-04-30T13:48:31","date_gmt":"2026-04-30T19:48:31","guid":{"rendered":"https:\/\/norestedigital.net\/?p=12414"},"modified":"2026-04-30T13:48:34","modified_gmt":"2026-04-30T19:48:34","slug":"aprenden-artes-plasticas-usuarios-de-las-bibliotecas-publicas-de-nuevo-laredo","status":"publish","type":"post","link":"https:\/\/norestedigital.net\/index.php\/2026\/04\/30\/aprenden-artes-plasticas-usuarios-de-las-bibliotecas-publicas-de-nuevo-laredo\/","title":{"rendered":"APRENDEN ARTES PL\u00c1STICAS USUARIOS DE LAS BIBLIOTECAS P\u00daBLICAS DE NUEVO LAREDO"},"content":{"rendered":"\n<p>30 de abril del 2026<\/p>\n\n\n\n<p>Ni\u00f1os, j\u00f3venes y adultos de las bibliotecas p\u00fablicas del gobierno de Nuevo Laredo, Tamaulipas, aprendieron t\u00e9cnicas pr\u00e1cticas para plasmar rostros, paisajes y otro tipo de im\u00e1genes en lienzos con pincel y pintura acr\u00edlica. <\/p>\n\n\n\n<p>La actividad denominada \u00abEl maravilloso mundo del arte\u00bb se llev\u00f3 a cabo en el marco del \u00abD\u00eda Mundial del Arte\u00bb, con el objetivo de sensibilizar y acercar a la comunidad en general y a los visitantes de las bibliotecas a las artes pl\u00e1sticas. <\/p>\n\n\n\n<p>Las charlas, los talleres y una exposici\u00f3n fugaz de cuadros montados en caballetes, estuvo a cargo del pintor neolaredense Juan \u00abChacho\u00bb D\u00edaz. <\/p>\n\n\n\n<p>\u00abEstamos llevando a cabo acciones que ampl\u00eden la oferta educativa, cultural y recreativa en las bibliotecas, que permitan un impacto propositivo en nuestros usuarios y en la ciudadan\u00eda en general\u00bb, dijo Marcos Rodr\u00edguez Leija, coordinador de Bibliotecas P\u00fablicas del gobierno de Nuevo Laredo.<\/p>\n\n\n\n<p> \u00abInsisto y reitero, las bibliotecas no son espacios \u00fanicamente dirigidos a los estudiantes para sus consultas escolares; son n\u00facleos para el fomento de la paz, centros de integraci\u00f3n social para la recreaci\u00f3n, la sensibilizaci\u00f3n del arte y la cultura, para el acercamiento a la ciencia y la tecnolog\u00eda y para expandir la conciencia y fortalecer nuestra identidad\u00bb, agreg\u00f3 el funcionario. <\/p>\n\n\n\n<p>Fueron tres las bibliotecas visitadas por el pintor Juan \u00bb Chacho\u00bb D\u00edaz: la biblioteca \u00bb Emiliano Zapata\u00bb y la biblioteca \u00bb Fidel Cu\u00e9llar\u00bb, donde aprendieron t\u00e9cnicas b\u00e1sicas de pintura en lienzo. <\/p>\n\n\n\n<p>Adem\u00e1s de la Infoteca \u00abSor Juana In\u00e9s de la Cruz\u00bb, donde hubo una charla sobre las artes pl\u00e1sticas, una exposici\u00f3n moment\u00e1nea y la elaboraci\u00f3n de un retrato en tiempo real ante los asistentes.<\/p>\n\n\n\n<p><\/p>\n","protected":false},"excerpt":{"rendered":"<p>30 de abril del 2026 Ni\u00f1os, j\u00f3venes y adultos de las bibliotecas p\u00fablicas del gobierno de Nuevo Laredo, Tamaulipas, aprendieron t\u00e9cnicas pr\u00e1cticas para plasmar rostros, paisajes y otro tipo de im\u00e1genes en lienzos con pincel y pintura acr\u00edlica. La actividad denominada \u00abEl maravilloso mundo del arte\u00bb se llev\u00f3 a cabo en el marco del \u00abD\u00eda &hellip;<\/p>\n","protected":false},"author":2,"featured_media":12415,"comment_status":"open","ping_status":"open","sticky":false,"template":"","format":"standard","meta":{"footnotes":""},"categories":[37],"tags":[],"class_list":["post-12414","post","type-post","status-publish","format-standard","has-post-thumbnail","","category-nuevo-laredo"],"_links":{"self":[{"href":"https:\/\/norestedigital.net\/index.php\/wp-json\/wp\/v2\/posts\/12414","targetHints":{"allow":["GET"]}}],"collection":[{"href":"https:\/\/norestedigital.net\/index.php\/wp-json\/wp\/v2\/posts"}],"about":[{"href":"https:\/\/norestedigital.net\/index.php\/wp-json\/wp\/v2\/types\/post"}],"author":[{"embeddable":true,"href":"https:\/\/norestedigital.net\/index.php\/wp-json\/wp\/v2\/users\/2"}],"replies":[{"embeddable":true,"href":"https:\/\/norestedigital.net\/index.php\/wp-json\/wp\/v2\/comments?post=12414"}],"version-history":[{"count":1,"href":"https:\/\/norestedigital.net\/index.php\/wp-json\/wp\/v2\/posts\/12414\/revisions"}],"predecessor-version":[{"id":12416,"href":"https:\/\/norestedigital.net\/index.php\/wp-json\/wp\/v2\/posts\/12414\/revisions\/12416"}],"wp:featuredmedia":[{"embeddable":true,"href":"https:\/\/norestedigital.net\/index.php\/wp-json\/wp\/v2\/media\/12415"}],"wp:attachment":[{"href":"https:\/\/norestedigital.net\/index.php\/wp-json\/wp\/v2\/media?parent=12414"}],"wp:term":[{"taxonomy":"category","embeddable":true,"href":"https:\/\/norestedigital.net\/index.php\/wp-json\/wp\/v2\/categories?post=12414"},{"taxonomy":"post_tag","embeddable":true,"href":"https:\/\/norestedigital.net\/index.php\/wp-json\/wp\/v2\/tags?post=12414"}],"curies":[{"name":"wp","href":"https:\/\/api.w.org\/{rel}","templated":true}]}}