{"id":12420,"date":"2026-04-30T13:58:18","date_gmt":"2026-04-30T19:58:18","guid":{"rendered":"https:\/\/norestedigital.net\/?p=12420"},"modified":"2026-04-30T13:58:24","modified_gmt":"2026-04-30T19:58:24","slug":"gobierno-municipal-impulsa-reforestacion-de-espacios-publicos","status":"publish","type":"post","link":"https:\/\/norestedigital.net\/index.php\/2026\/04\/30\/gobierno-municipal-impulsa-reforestacion-de-espacios-publicos\/","title":{"rendered":"GOBIERNO MUNICIPAL IMPULSA REFORESTACI\u00d3N DE ESPACIOS P\u00daBLICOS"},"content":{"rendered":"\n<p>30 de abril del 2026<\/p>\n\n\n\n<p>El Gobierno Municipal de Nuevo Laredo llev\u00f3 a cabo la segunda etapa de reforestaci\u00f3n en el \u00e1rea de la Pen\u00ednsula y el Laguito, logrando la plantaci\u00f3n de un total de 300 \u00e1rboles, de los cuales 90 fueron sembrados durante esta jornada, con la participaci\u00f3n de m\u00e1s de 200 j\u00f3venes provenientes de distintas instituciones educativas de la ciudad. <\/p>\n\n\n\n<p>Estas acciones encabezadas por la Coordinaci\u00f3n General de Gesti\u00f3n Ambiental, forman parte de la estrategia ambiental implementada por la administraci\u00f3n municipal para fortalecer las \u00e1reas verdes, recuperar espacios p\u00fablicos y mejorar la calidad del entorno urbano mediante el uso de especies nativas adaptadas a las condiciones clim\u00e1ticas de la regi\u00f3n. <\/p>\n\n\n\n<p>Se destac\u00f3 de la misma manera que este tipo de actividades contribuyen directamente a la sustentabilidad del municipio y al fortalecimiento del equilibrio ecol\u00f3gico. \u201cSon especies totalmente nativas y end\u00e9micas de la regi\u00f3n que vienen a reforzar un pulm\u00f3n de aqu\u00ed de Nuevo Laredo. <\/p>\n\n\n\n<p>Con esto estamos fortaleciendo los espacios verdes y estamos logrando un Nuevo Laredo m\u00e1s sustentable conforme a la visi\u00f3n que tiene nuestra Presidenta Carmen Lilia Canturosas\u201d, expres\u00f3 Tania Blanco, titular de la dependencia. <\/p>\n\n\n\n<p>Durante la jornada participaron estudiantes del Tecnol\u00f3gico de Nuevo Laredo, Universidad Aut\u00f3noma de Tamaulipas, Universidad Tecnol\u00f3gica, COBAT, Normal Cuauht\u00e9moc y la Universidad Pedag\u00f3gica Nacional, entre otras instituciones, quienes se sumaron de manera activa a esta iniciativa que fomenta la responsabilidad social y el compromiso ambiental. <\/p>\n\n\n\n<p>Los \u00e1rboles plantados corresponden a especies nativas como el mezquite, reconocido por su alta resistencia a temperaturas extremas, su bajo consumo de agua y su relevancia como especie polinizadora, lo que contribuye al mantenimiento de la biodiversidad local. <\/p>\n\n\n\n<p>Este enfoque se complementa con otras acciones impulsadas por el Gobierno Municipal, como la implementaci\u00f3n de jardines polinizadores en distintos puntos de la ciudad, dise\u00f1ados para favorecer la presencia de abejas, mariposas y otros insectos esenciales para los ecosistemas. <\/p>\n\n\n\n<p>Destac\u00f3 que este tipo de jornadas no solo tienen un impacto ambiental, sino tambi\u00e9n social, al involucrar a las nuevas generaciones en el cuidado de su entorno y fomentar una cultura de respeto hacia los recursos naturales.<\/p>\n\n\n\n<p>Con estas estrategias integrales, el Gobierno Municipal reafirma su compromiso con el desarrollo sustentable, promoviendo espacios m\u00e1s verdes, resilientes y en armon\u00eda con el medio ambiente, al tiempo que invita a la ciudadan\u00eda a sumarse al cuidado y preservaci\u00f3n de estos espacios.<\/p>\n","protected":false},"excerpt":{"rendered":"<p>30 de abril del 2026 El Gobierno Municipal de Nuevo Laredo llev\u00f3 a cabo la segunda etapa de reforestaci\u00f3n en el \u00e1rea de la Pen\u00ednsula y el Laguito, logrando la plantaci\u00f3n de un total de 300 \u00e1rboles, de los cuales 90 fueron sembrados durante esta jornada, con la participaci\u00f3n de m\u00e1s de 200 j\u00f3venes provenientes &hellip;<\/p>\n","protected":false},"author":2,"featured_media":12421,"comment_status":"open","ping_status":"open","sticky":false,"template":"","format":"standard","meta":{"footnotes":""},"categories":[37],"tags":[],"class_list":["post-12420","post","type-post","status-publish","format-standard","has-post-thumbnail","","category-nuevo-laredo"],"_links":{"self":[{"href":"https:\/\/norestedigital.net\/index.php\/wp-json\/wp\/v2\/posts\/12420","targetHints":{"allow":["GET"]}}],"collection":[{"href":"https:\/\/norestedigital.net\/index.php\/wp-json\/wp\/v2\/posts"}],"about":[{"href":"https:\/\/norestedigital.net\/index.php\/wp-json\/wp\/v2\/types\/post"}],"author":[{"embeddable":true,"href":"https:\/\/norestedigital.net\/index.php\/wp-json\/wp\/v2\/users\/2"}],"replies":[{"embeddable":true,"href":"https:\/\/norestedigital.net\/index.php\/wp-json\/wp\/v2\/comments?post=12420"}],"version-history":[{"count":1,"href":"https:\/\/norestedigital.net\/index.php\/wp-json\/wp\/v2\/posts\/12420\/revisions"}],"predecessor-version":[{"id":12422,"href":"https:\/\/norestedigital.net\/index.php\/wp-json\/wp\/v2\/posts\/12420\/revisions\/12422"}],"wp:featuredmedia":[{"embeddable":true,"href":"https:\/\/norestedigital.net\/index.php\/wp-json\/wp\/v2\/media\/12421"}],"wp:attachment":[{"href":"https:\/\/norestedigital.net\/index.php\/wp-json\/wp\/v2\/media?parent=12420"}],"wp:term":[{"taxonomy":"category","embeddable":true,"href":"https:\/\/norestedigital.net\/index.php\/wp-json\/wp\/v2\/categories?post=12420"},{"taxonomy":"post_tag","embeddable":true,"href":"https:\/\/norestedigital.net\/index.php\/wp-json\/wp\/v2\/tags?post=12420"}],"curies":[{"name":"wp","href":"https:\/\/api.w.org\/{rel}","templated":true}]}}