{"id":12430,"date":"2026-04-30T17:48:46","date_gmt":"2026-04-30T23:48:46","guid":{"rendered":"https:\/\/norestedigital.net\/?p=12430"},"modified":"2026-04-30T17:48:49","modified_gmt":"2026-04-30T23:48:49","slug":"conmemoracion-del-dia-de-trabajo-sostiene-su-esencia","status":"publish","type":"post","link":"https:\/\/norestedigital.net\/index.php\/2026\/04\/30\/conmemoracion-del-dia-de-trabajo-sostiene-su-esencia\/","title":{"rendered":"Conmemoraci\u00f3n del Dia de Trabajo sostiene su esencia"},"content":{"rendered":"\n<p><strong>Conmemoraci\u00f3n del Dia de<\/strong> <strong>Trabajo sostiene su esencia<\/strong><\/p>\n\n\n\n<p><strong>&nbsp;&nbsp;&nbsp;&nbsp;&nbsp;&nbsp;&nbsp;&nbsp;&nbsp;&nbsp;&nbsp;&nbsp;&nbsp;&nbsp;&nbsp;&nbsp;&nbsp;&nbsp;&nbsp;&nbsp;&nbsp;&nbsp;&nbsp;&nbsp;&nbsp;&nbsp;&nbsp;&nbsp;&nbsp;&nbsp;&nbsp;&nbsp;&nbsp;&nbsp;&nbsp;&nbsp;&nbsp;&nbsp;&nbsp;&nbsp;&nbsp;&nbsp;&nbsp;&nbsp;&nbsp;&nbsp;&nbsp;Por Javier Claudio<\/strong><\/p>\n\n\n\n<p><strong>&nbsp;&nbsp;&nbsp;&nbsp;&nbsp;&nbsp;&nbsp;&nbsp;&nbsp;&nbsp;&nbsp;&nbsp;<\/strong>La conmemoraci\u00f3n del D\u00eda del Trabajo el 1 de mayo a trav\u00e9s del tradicional desfile qued\u00f3 atr\u00e1s por un sinn\u00famero de circunstancias, afirm\u00f3 el secretario general de la Federaci\u00f3n de Trabajadores, F\u00e9lix Alberto Alem\u00e1n, pero aclar\u00f3 no se pierda la esencia del verdadero significado de la remembranza de la integraci\u00f3n de los derechos laborales.<\/p>\n\n\n\n<p>&nbsp;&nbsp;&nbsp;&nbsp;&nbsp;&nbsp;&nbsp;&nbsp;&nbsp;&nbsp;&nbsp;&nbsp;Hizo saber que se tiene programado (hoy) por la ma\u00f1ana una reuni\u00f3n de trabajadores y los sindicatos adheridos a la Federaci\u00f3n a fin de realizar homenaje a los m\u00e1rtires&nbsp;<em>de Chicago, R\u00edo Blanco y Cananea.<\/em><em><\/em><\/p>\n\n\n\n<p><em>&nbsp;&nbsp;&nbsp;&nbsp;&nbsp;&nbsp;&nbsp;&nbsp;&nbsp;&nbsp;&nbsp;&nbsp;Expuso que el acto protocolario se realizar en el edificio de la CTM, donde se tendr\u00e1 la participaci\u00f3n de varios oradores para detallar sobre el verdadero significado del D\u00eda del Trabajo, lo que finalmente logr\u00f3 respuestas en favor de la clase trabajadora.<\/em><em><\/em><\/p>\n\n\n\n<p><em>&nbsp;&nbsp;&nbsp;&nbsp;&nbsp;&nbsp;&nbsp;&nbsp;&nbsp;&nbsp;&nbsp;&nbsp;\u201cCiertamente recordaos aquellos desfiles con motivo del D\u00eda del Trabajo, pero las circunstancias que se tienen no son las adecuadas para hacer un evento de ese tipo, pero sin que ello signifique se haya minimizado el valor del movimiento que dio estos logros\u201d, coment\u00f3.<\/em><em><\/em><\/p>\n\n\n\n<p><em>Estableci\u00f3 que el D\u00eda Internacional del Trabajador se conmemora el 1 de mayo en diferentes pa\u00edses, el que distingue por ser una jornada de reflexi\u00f3n y lucha por los derechos laborales que hoy rigen en beneficio de los trabajadores.<\/em><em><\/em><\/p>\n\n\n\n<p><em>Uno de los gremios m\u00e1s fortalecidos en su integraci\u00f3n es el Sindicato de Trabajadores de la Industria Maquiladora, cuyo dirigente Roberto Celestino Flores Huerta, durante la ma\u00f1ana inform\u00f3 sobre el repliegue de actividades de la conmemoraci\u00f3n.<\/em><em><\/em><\/p>\n\n\n\n<p><em>Expuso que actualmente el sindicato cuenta con alrededor de 19 mil 500 trabajadores con una representaci\u00f3n en cada una de 26 maquiladoras instaladas en Nuevo Laredo.<\/em><\/p>\n","protected":false},"excerpt":{"rendered":"<p>Conmemoraci\u00f3n del Dia de Trabajo sostiene su esencia &nbsp;&nbsp;&nbsp;&nbsp;&nbsp;&nbsp;&nbsp;&nbsp;&nbsp;&nbsp;&nbsp;&nbsp;&nbsp;&nbsp;&nbsp;&nbsp;&nbsp;&nbsp;&nbsp;&nbsp;&nbsp;&nbsp;&nbsp;&nbsp;&nbsp;&nbsp;&nbsp;&nbsp;&nbsp;&nbsp;&nbsp;&nbsp;&nbsp;&nbsp;&nbsp;&nbsp;&nbsp;&nbsp;&nbsp;&nbsp;&nbsp;&nbsp;&nbsp;&nbsp;&nbsp;&nbsp;&nbsp;Por Javier Claudio &nbsp;&nbsp;&nbsp;&nbsp;&nbsp;&nbsp;&nbsp;&nbsp;&nbsp;&nbsp;&nbsp;&nbsp;La conmemoraci\u00f3n del D\u00eda del Trabajo el 1 de mayo a trav\u00e9s del tradicional desfile qued\u00f3 atr\u00e1s por un sinn\u00famero de circunstancias, afirm\u00f3 el secretario general de la Federaci\u00f3n de Trabajadores, F\u00e9lix Alberto Alem\u00e1n, pero aclar\u00f3 no se pierda la esencia del verdadero significado &hellip;<\/p>\n","protected":false},"author":2,"featured_media":12431,"comment_status":"open","ping_status":"open","sticky":false,"template":"","format":"standard","meta":{"footnotes":""},"categories":[37],"tags":[],"class_list":["post-12430","post","type-post","status-publish","format-standard","has-post-thumbnail","","category-nuevo-laredo"],"_links":{"self":[{"href":"https:\/\/norestedigital.net\/index.php\/wp-json\/wp\/v2\/posts\/12430","targetHints":{"allow":["GET"]}}],"collection":[{"href":"https:\/\/norestedigital.net\/index.php\/wp-json\/wp\/v2\/posts"}],"about":[{"href":"https:\/\/norestedigital.net\/index.php\/wp-json\/wp\/v2\/types\/post"}],"author":[{"embeddable":true,"href":"https:\/\/norestedigital.net\/index.php\/wp-json\/wp\/v2\/users\/2"}],"replies":[{"embeddable":true,"href":"https:\/\/norestedigital.net\/index.php\/wp-json\/wp\/v2\/comments?post=12430"}],"version-history":[{"count":1,"href":"https:\/\/norestedigital.net\/index.php\/wp-json\/wp\/v2\/posts\/12430\/revisions"}],"predecessor-version":[{"id":12433,"href":"https:\/\/norestedigital.net\/index.php\/wp-json\/wp\/v2\/posts\/12430\/revisions\/12433"}],"wp:featuredmedia":[{"embeddable":true,"href":"https:\/\/norestedigital.net\/index.php\/wp-json\/wp\/v2\/media\/12431"}],"wp:attachment":[{"href":"https:\/\/norestedigital.net\/index.php\/wp-json\/wp\/v2\/media?parent=12430"}],"wp:term":[{"taxonomy":"category","embeddable":true,"href":"https:\/\/norestedigital.net\/index.php\/wp-json\/wp\/v2\/categories?post=12430"},{"taxonomy":"post_tag","embeddable":true,"href":"https:\/\/norestedigital.net\/index.php\/wp-json\/wp\/v2\/tags?post=12430"}],"curies":[{"name":"wp","href":"https:\/\/api.w.org\/{rel}","templated":true}]}}