{"id":12452,"date":"2026-04-30T22:34:44","date_gmt":"2026-05-01T04:34:44","guid":{"rendered":"https:\/\/norestedigital.net\/?p=12452"},"modified":"2026-04-30T22:34:47","modified_gmt":"2026-05-01T04:34:47","slug":"mas-de-30-mil-familias-celebran-el-dia-del-nino-en-un-festival-del-gobierno-municipal-y-sistema-dif","status":"publish","type":"post","link":"https:\/\/norestedigital.net\/index.php\/2026\/04\/30\/mas-de-30-mil-familias-celebran-el-dia-del-nino-en-un-festival-del-gobierno-municipal-y-sistema-dif\/","title":{"rendered":"M\u00c1S DE 30 MIL FAMILIAS CELEBRAN EL D\u00cdA DEL NI\u00d1O EN UN FESTIVAL DEL GOBIERNO MUNICIPAL Y SISTEMA DIF"},"content":{"rendered":"\n<p>30 de abril del 2026<\/p>\n\n\n\n<p>Miles de familias llenaron de vida el Parque Viveros durante el Festival del D\u00eda del Ni\u00f1o, organizado por el Sistema DIF y el Gobierno Municipal de Nuevo Laredo, donde m\u00e1s de 30 mil asistentes participaron en una jornada gratuita marcada por la alegr\u00eda, la convivencia y el fortalecimiento del tejido social; con m\u00e1s de 20 m\u00f3dulos interactivos, shows en vivo, juegos mec\u00e1nicos, adem\u00e1s de la entrada gratuita al zool\u00f3gico, acuario y la alberca municipal, ni\u00f1as y ni\u00f1os disfrutaron actividades orientadas al juego, la creatividad y el desarrollo sensorial, en un ambiente festivo que consolid\u00f3 este evento como uno de los m\u00e1s concurridos y exitosos de la ciudad, al que acudieron la presidenta municipal, Carmen Lilia Canturosas Villarreal, y la presidenta del DIF, Claudette Canturosas Villarreal, quienes recorrieron el lugar y convivieron con las familias.<\/p>\n","protected":false},"excerpt":{"rendered":"<p>30 de abril del 2026 Miles de familias llenaron de vida el Parque Viveros durante el Festival del D\u00eda del Ni\u00f1o, organizado por el Sistema DIF y el Gobierno Municipal de Nuevo Laredo, donde m\u00e1s de 30 mil asistentes participaron en una jornada gratuita marcada por la alegr\u00eda, la convivencia y el fortalecimiento del tejido &hellip;<\/p>\n","protected":false},"author":2,"featured_media":12456,"comment_status":"open","ping_status":"open","sticky":false,"template":"","format":"standard","meta":{"footnotes":""},"categories":[2,37,62],"tags":[],"class_list":["post-12452","post","type-post","status-publish","format-standard","has-post-thumbnail","","category-mun","category-nuevo-laredo","category-portada"],"_links":{"self":[{"href":"https:\/\/norestedigital.net\/index.php\/wp-json\/wp\/v2\/posts\/12452","targetHints":{"allow":["GET"]}}],"collection":[{"href":"https:\/\/norestedigital.net\/index.php\/wp-json\/wp\/v2\/posts"}],"about":[{"href":"https:\/\/norestedigital.net\/index.php\/wp-json\/wp\/v2\/types\/post"}],"author":[{"embeddable":true,"href":"https:\/\/norestedigital.net\/index.php\/wp-json\/wp\/v2\/users\/2"}],"replies":[{"embeddable":true,"href":"https:\/\/norestedigital.net\/index.php\/wp-json\/wp\/v2\/comments?post=12452"}],"version-history":[{"count":1,"href":"https:\/\/norestedigital.net\/index.php\/wp-json\/wp\/v2\/posts\/12452\/revisions"}],"predecessor-version":[{"id":12458,"href":"https:\/\/norestedigital.net\/index.php\/wp-json\/wp\/v2\/posts\/12452\/revisions\/12458"}],"wp:featuredmedia":[{"embeddable":true,"href":"https:\/\/norestedigital.net\/index.php\/wp-json\/wp\/v2\/media\/12456"}],"wp:attachment":[{"href":"https:\/\/norestedigital.net\/index.php\/wp-json\/wp\/v2\/media?parent=12452"}],"wp:term":[{"taxonomy":"category","embeddable":true,"href":"https:\/\/norestedigital.net\/index.php\/wp-json\/wp\/v2\/categories?post=12452"},{"taxonomy":"post_tag","embeddable":true,"href":"https:\/\/norestedigital.net\/index.php\/wp-json\/wp\/v2\/tags?post=12452"}],"curies":[{"name":"wp","href":"https:\/\/api.w.org\/{rel}","templated":true}]}}