{"id":12469,"date":"2026-05-01T09:39:17","date_gmt":"2026-05-01T15:39:17","guid":{"rendered":"https:\/\/norestedigital.net\/?p=12469"},"modified":"2026-05-01T09:39:20","modified_gmt":"2026-05-01T15:39:20","slug":"t-e-c-l-a-z-o-s-santiago-nieto-y-uat-fortalecen-proteccion-a-la-propiedad-intelectual-en-tamaulipas","status":"publish","type":"post","link":"https:\/\/norestedigital.net\/index.php\/2026\/05\/01\/t-e-c-l-a-z-o-s-santiago-nieto-y-uat-fortalecen-proteccion-a-la-propiedad-intelectual-en-tamaulipas\/","title":{"rendered":"T E C L A Z O S&#8230;SANTIAGO NIETO Y UAT, FORTALECEN PROTECCI\u00d3N A LA PROPIEDAD INTELECTUAL EN TAMAULIPAS"},"content":{"rendered":"\n<p>T E C L A Z O S<br>Por Guadalupe E. Gonz\u00e1lez<br>SANTIAGO NIETO Y UAT, FORTALECEN PROTECCI\u00d3N<br>A LA PROPIEDAD INTELECTUAL EN TAMAULIPAS<br>X.-Rector D\u00e1maso Anaya Alvarado, le brind\u00f3 la bienvenida al<br>ponente, quien agradeci\u00f3 la oportunidad de compartir el<br>tema.<br>EL DIRECTOR general del Instituto Mexicano de la Propiedad<br>Industrial (IMPI), Dr. Santiago Nieto Castillo, imparti\u00f3 en la<br>Universidad Aut\u00f3noma de Tamaulipas (UAT) la conferencia<br>\u201cProtecci\u00f3n de la Innovaci\u00f3n y la Propiedad Intelectual\u201d, donde<br>destac\u00f3 que M\u00e9xico debe consolidar un modelo econ\u00f3mico basado en la<br>ciencia, la tecnolog\u00eda y la innovaci\u00f3n.<br>EN ESTE evento, llevado a cabo en el Centro de Excelencia del<br>Campus Victoria, con el fin de fortalecer la cultura de la innovaci\u00f3n, el<br>emprendimiento y el desarrollo tecnol\u00f3gico, el ponente subray\u00f3 que la<br>propiedad intelectual constituye una herramienta estrat\u00e9gica<br>fundamental para impulsar la competitividad y el desarrollo nacional.<br>LUEGO de la bienvenida que le brind\u00f3 el rector de la UAT, D\u00e1maso<br>Anaya Alvarado, ante la asistencia de estudiantes de la Facultad de<br>Comercio y Administraci\u00f3n Victoria, el Dr. Santiago Nieto agradeci\u00f3 la<br>oportunidad de compartir a los j\u00f3venes un tema de gran trascendencia<br>para su formaci\u00f3n profesional y de gran impacto para el pa\u00eds.<br>EL funcionario federal destac\u00f3 adem\u00e1s el crecimiento que ha<br>registrado Tamaulipas en solicitudes de patentes y registros de marcas,<br>as\u00ed como la participaci\u00f3n de la UAT en proyectos relacionados con<br>innovaci\u00f3n, transferencia tecnol\u00f3gica y desarrollo regional.<br>PRESENT\u00d3 un panorama sobre el estado de la innovaci\u00f3n en M\u00e9xico<br>y Am\u00e9rica Latina, se\u00f1alando retos que enfrenta el pa\u00eds, reconociendo el<br>potencial de las instituciones de educaci\u00f3n superior mexicanas en la<br>generaci\u00f3n de conocimiento.<br>ASIMISMO, abord\u00f3 temas relacionados con la transferencia<br>tecnol\u00f3gica, la protecci\u00f3n de productos regionales mediante<br>denominaciones de origen e indicaciones geogr\u00e1ficas, as\u00ed como el<br>combate a la pirater\u00eda y el fortalecimiento de pol\u00edticas p\u00fablicas para<br>democratizar el acceso a la propiedad intelectual entre j\u00f3venes,<br>mujeres emprendedoras, comunidades ind\u00edgenas y sectores<br>productivos.<\/p>\n\n\n\n<p>POR SU PARTE, el rector D\u00e1maso Anaya Alvarado destac\u00f3 la<br>importancia de impulsar, entre las y los estudiantes, una cultura<br>enfocada en el desarrollo de patentes y la creaci\u00f3n de marcas,<br>subrayando que la UAT contin\u00faa fortaleciendo los proyectos de<br>investigaci\u00f3n y el registro de propiedad intelectual generados por<br>acad\u00e9micos y universitarios de distintas facultades.<br>SE\u00d1AL\u00d3 que la Universidad participa en iniciativas relacionadas con<br>productos emblem\u00e1ticos de Tamaulipas, mediante proyectos<br>impulsados por \u00e1reas como el CINOTAM, enfocados en la protecci\u00f3n y<br>el fortalecimiento de los desarrollos regionales.<br>FINALMENTE, reiter\u00f3 que la UAT continuar\u00e1 impulsando espacios<br>de formaci\u00f3n acad\u00e9mica, investigaci\u00f3n y vinculaci\u00f3n institucional que<br>permitan fomentar la creatividad, la transferencia de conocimiento y el<br>desarrollo de proyectos con impacto econ\u00f3mico y social.<br>En el evento se cont\u00f3 con la participaci\u00f3n de la directora de la Facultad<br>de Comercio y Administraci\u00f3n Victoria, M\u00f3nica Lorena S\u00e1nchez<br>Lim\u00f3n, quien destac\u00f3 el privilegio que representa para los estudiantes<br>recibir al Dr. Santiago Nieto Castillo.<br>Tambi\u00e9n estuvieron presentes, la subsecretaria para la Peque\u00f1a y<br>Mediana Empresa de la Secretar\u00eda de Econom\u00eda de Tamaulipas,<br>Mariana \u00c1lvarez Quero; y el titular del COTACYT, Julio Mart\u00ednez<br>Burnes.<br>LA ACTIVIDAD congreg\u00f3 a estudiantes, docentes, investigadores y<br>autoridades universitarias en un espacio de di\u00e1logo e intercambio de<br>ideas sobre innovaci\u00f3n y transferencia tecnol\u00f3gica. Al concluir la<br>jornada, el rector D\u00e1maso Anaya entreg\u00f3 un reconocimiento al Dr.<br>Santiago Nieto Castillo por su participaci\u00f3n en esta conferencia<br>magistral.<br>Por hoy es todo y hasta ma\u00f1ana.<br>Para sugerencias y puntos de vista en general al email:<br>lupeernesto@yahoo.com.mx<\/p>\n\n\n\n<hr class=\"wp-block-separator has-alpha-channel-opacity\"\/>\n","protected":false},"excerpt":{"rendered":"<p>T E C L A Z O SPor Guadalupe E. Gonz\u00e1lezSANTIAGO NIETO Y UAT, FORTALECEN PROTECCI\u00d3NA LA PROPIEDAD INTELECTUAL EN TAMAULIPASX.-Rector D\u00e1maso Anaya Alvarado, le brind\u00f3 la bienvenida alponente, quien agradeci\u00f3 la oportunidad de compartir eltema.EL DIRECTOR general del Instituto Mexicano de la PropiedadIndustrial (IMPI), Dr. Santiago Nieto Castillo, imparti\u00f3 en laUniversidad Aut\u00f3noma de Tamaulipas &hellip;<\/p>\n","protected":false},"author":2,"featured_media":12470,"comment_status":"open","ping_status":"open","sticky":false,"template":"","format":"standard","meta":{"footnotes":""},"categories":[4],"tags":[],"class_list":["post-12469","post","type-post","status-publish","format-standard","has-post-thumbnail","","category-columnistas-fashion"],"_links":{"self":[{"href":"https:\/\/norestedigital.net\/index.php\/wp-json\/wp\/v2\/posts\/12469","targetHints":{"allow":["GET"]}}],"collection":[{"href":"https:\/\/norestedigital.net\/index.php\/wp-json\/wp\/v2\/posts"}],"about":[{"href":"https:\/\/norestedigital.net\/index.php\/wp-json\/wp\/v2\/types\/post"}],"author":[{"embeddable":true,"href":"https:\/\/norestedigital.net\/index.php\/wp-json\/wp\/v2\/users\/2"}],"replies":[{"embeddable":true,"href":"https:\/\/norestedigital.net\/index.php\/wp-json\/wp\/v2\/comments?post=12469"}],"version-history":[{"count":1,"href":"https:\/\/norestedigital.net\/index.php\/wp-json\/wp\/v2\/posts\/12469\/revisions"}],"predecessor-version":[{"id":12471,"href":"https:\/\/norestedigital.net\/index.php\/wp-json\/wp\/v2\/posts\/12469\/revisions\/12471"}],"wp:featuredmedia":[{"embeddable":true,"href":"https:\/\/norestedigital.net\/index.php\/wp-json\/wp\/v2\/media\/12470"}],"wp:attachment":[{"href":"https:\/\/norestedigital.net\/index.php\/wp-json\/wp\/v2\/media?parent=12469"}],"wp:term":[{"taxonomy":"category","embeddable":true,"href":"https:\/\/norestedigital.net\/index.php\/wp-json\/wp\/v2\/categories?post=12469"},{"taxonomy":"post_tag","embeddable":true,"href":"https:\/\/norestedigital.net\/index.php\/wp-json\/wp\/v2\/tags?post=12469"}],"curies":[{"name":"wp","href":"https:\/\/api.w.org\/{rel}","templated":true}]}}