{"id":12472,"date":"2026-05-01T09:41:58","date_gmt":"2026-05-01T15:41:58","guid":{"rendered":"https:\/\/norestedigital.net\/?p=12472"},"modified":"2026-05-01T09:42:00","modified_gmt":"2026-05-01T15:42:00","slug":"t-e-c-l-a-z-o-s-diputado-humberto-prieto-nego-tener-problemas-migratorios","status":"publish","type":"post","link":"https:\/\/norestedigital.net\/index.php\/2026\/05\/01\/t-e-c-l-a-z-o-s-diputado-humberto-prieto-nego-tener-problemas-migratorios\/","title":{"rendered":"T E C L A Z O S&#8230;DIPUTADO HUMBERTO PRIETO, NEG\u00d3 TENER PROBLEMAS MIGRATORIOS"},"content":{"rendered":"\n<p>T E C L A Z O S<br>Por Guadalupe E. Gonz\u00e1lez<br>DIPUTADO HUMBERTO PRIETO, NEG\u00d3<br>TENER PROBLEMAS MIGRATORIOS<br>X.-Dijo que, \u201clos cobardes desde el anonimato, siempre<br>lo est\u00e1n difamando\u201d y, desmiente el retiro de su visa.<br>DE MANERA categ\u00f3rica, el Diputado presidente de la Junta de Gobierno<br>del Congreso de Tamaulipas Humberto Armando Prieto Herrera, \u201cneg\u00f3<br>tener problemas migratorios y menos que le hayan retirado su visa\u201d,<br>desmintiendo sin cortapisas a los cobardes que, \u201cdesde el anonimato,<br>siempre lo est\u00e1n difamando\u201d, aludiendo por ello que, \u201clos chismes y<br>laberintos\u201d, no lo van a detener en sus proyectos pol\u00edticos presentes y futuros<br>y, menos en los de trabajo y servicio al pueblo de Reynosa y Tamaulipas.<br>ASEGUR\u00d3 el connotado legislador reynosense Prieto Herrera que, dichas<br>afirmaciones son \u201ctotalmente falsas\u201d, porque carecen de pruebas, aludiendo<br>que aqu\u00ed hemos estado trabajando y, \u201cayer estuve en Victoria y no en Nuevo<br>Laredo\u201d, como lo aseguraban los cobardes en las redes sociales, precisando<br>que, en la capital Victoria, \u201cparticip\u00e9 en la sesi\u00f3n plenaria y en eventos del<br>parlamento infantil\u201d, de lo que \u201chubo muchos testigos\u201d, raz\u00f3n por la que,<br>\u201cme parce irresponsable que, los interesados en afectar mi reputaci\u00f3n\u201d,<br>recurran a la mentira y todo tipo de falacias, para intentar perjudicarme,<br>pero tengan la certeza que \u201ceso no lo van a conseguir\u201d.<br>EL DIPUTADO Humberto Prieto, sostuvo que, \u201clos ataques an\u00f3nimos\u201d que<br>llevan toda la mala fe del mundo, no le causar\u00e1n ning\u00fan impacto pol\u00edtico, al<br>reiterar que, \u201cno enfrenta ning\u00fan problema legal en M\u00e9xico, ni en el<br>extranjero\u201d, confirmando que su situaci\u00f3n migratoria, se encuentran en<br>regla, para que los cobardes, \u201cest\u00e9n enterados que \u00e9l est\u00e1 tranquilo y<br>dedicando el tiempo a las nobles acciones de trabajo y servicio a su querido<br>pueblo, Reynosa.<br>SIN embargo, el Diputado Prieto Herrera, adelant\u00f3 que, \u201cjunto a su equipo<br>jur\u00eddico, analiza la posibilidad de interponer denuncias ante la polic\u00eda<br>cibern\u00e9tica por difamaci\u00f3n\u201d, porque, no se puede permitir que este tipo de<br>actuaciones queden impunes, especialmente por el impacto que tienen en su<br>entorno personal y familiar, remarc\u00f3.<\/p>\n\n\n\n<p>APUNTANDO el entrevistado que, respecto a la regulaci\u00f3n de redes sociales,<br>\u201cya existen iniciativas en an\u00e1lisis\u201d, pero advirti\u00f3 que, \u201cdebe cuidarse la<br>libertad de expresi\u00f3n, en particular el ejercicio period\u00edstico, enfatiz\u00f3.<br>NO SON TIEMPOS PARA HABLAR DE ASPIRACIONES: HUMBERTO<br>A pregunta especifica de uno de los comunicadores en la rueda de prensa,<br>Humberto Prieto, fue tajante y certero al se\u00f1alar que, \u201caun no son los<br>tiempos para hablar de aspiraciones pol\u00edtico electorales\u201d.<br>RECORDANDO que, el siguiente proceso electoral, de \u201cIpso Facto\u201d inicia<br>formalmente en septiembre y por ello, \u201cconsider\u00f3 irresponsable distraerse<br>de sus funciones legislativas\u201d, porque \u201cadquirimos un compromiso para<br>legislar desde la casa del pueblo\u201d y por este motivo, tenemos que seguir<br>cabalgando, instrumentando los mejores mecanismos, para conformar leyes<br>y, estas, redunden en favor de las y los tamaulipecos, acot\u00f3.<br>EN OTRA de sus elocuentes exposiciones, el Diputado reynosense Humberto<br>Prieto, hizo un par\u00e9ntesis para \u201cdefender el trabajo territorial\u201d que, con<br>atingencia y perseverancia, realiza en Reynosa y, en otras partes del estado,<br>al igual que sus compa\u00f1eros y compa\u00f1eras legisladoras, al se\u00f1alar que, \u201cesto<br>es parte y esencia de la ineludible obligaci\u00f3n que tenemos los representantes<br>populares al regresar al pueblo\u201d, para recoger sus demandas y traducirlas<br>en iniciativas de tangible bienestar social.<br>FINALMENTE, reiter\u00f3 Prieto Herrera que, \u201ccontinuar\u00e1 su labor en<br>coordinaci\u00f3n con el gobierno estatal, trabajando en el proyecto de naci\u00f3n<br>que lo une y, por ello, no detendr\u00e1 su agenda por \u201cchismes\u201d o campa\u00f1as de<br>desinformaci\u00f3n\u201d; sosteniendo sin ruedas que, \u201c si alguien tiene pruebas de<br>alg\u00fan delito cometido\u201d, que presente las denuncias correspondientes,<br>recomend\u00f3.<br>Por hoy es todo y hasta ma\u00f1ana.<br>Para sugerencias y puntos de vista en general al email:<br>lupeernesto@yahoo.com.mx<\/p>\n\n\n\n<hr class=\"wp-block-separator has-alpha-channel-opacity\"\/>\n","protected":false},"excerpt":{"rendered":"<p>T E C L A Z O SPor Guadalupe E. Gonz\u00e1lezDIPUTADO HUMBERTO PRIETO, NEG\u00d3TENER PROBLEMAS MIGRATORIOSX.-Dijo que, \u201clos cobardes desde el anonimato, siemprelo est\u00e1n difamando\u201d y, desmiente el retiro de su visa.DE MANERA categ\u00f3rica, el Diputado presidente de la Junta de Gobiernodel Congreso de Tamaulipas Humberto Armando Prieto Herrera, \u201cneg\u00f3tener problemas migratorios y menos que &hellip;<\/p>\n","protected":false},"author":2,"featured_media":12473,"comment_status":"open","ping_status":"open","sticky":false,"template":"","format":"standard","meta":{"footnotes":""},"categories":[4],"tags":[],"class_list":["post-12472","post","type-post","status-publish","format-standard","has-post-thumbnail","","category-columnistas-fashion"],"_links":{"self":[{"href":"https:\/\/norestedigital.net\/index.php\/wp-json\/wp\/v2\/posts\/12472","targetHints":{"allow":["GET"]}}],"collection":[{"href":"https:\/\/norestedigital.net\/index.php\/wp-json\/wp\/v2\/posts"}],"about":[{"href":"https:\/\/norestedigital.net\/index.php\/wp-json\/wp\/v2\/types\/post"}],"author":[{"embeddable":true,"href":"https:\/\/norestedigital.net\/index.php\/wp-json\/wp\/v2\/users\/2"}],"replies":[{"embeddable":true,"href":"https:\/\/norestedigital.net\/index.php\/wp-json\/wp\/v2\/comments?post=12472"}],"version-history":[{"count":1,"href":"https:\/\/norestedigital.net\/index.php\/wp-json\/wp\/v2\/posts\/12472\/revisions"}],"predecessor-version":[{"id":12474,"href":"https:\/\/norestedigital.net\/index.php\/wp-json\/wp\/v2\/posts\/12472\/revisions\/12474"}],"wp:featuredmedia":[{"embeddable":true,"href":"https:\/\/norestedigital.net\/index.php\/wp-json\/wp\/v2\/media\/12473"}],"wp:attachment":[{"href":"https:\/\/norestedigital.net\/index.php\/wp-json\/wp\/v2\/media?parent=12472"}],"wp:term":[{"taxonomy":"category","embeddable":true,"href":"https:\/\/norestedigital.net\/index.php\/wp-json\/wp\/v2\/categories?post=12472"},{"taxonomy":"post_tag","embeddable":true,"href":"https:\/\/norestedigital.net\/index.php\/wp-json\/wp\/v2\/tags?post=12472"}],"curies":[{"name":"wp","href":"https:\/\/api.w.org\/{rel}","templated":true}]}}