{"id":12475,"date":"2026-05-01T09:43:28","date_gmt":"2026-05-01T15:43:28","guid":{"rendered":"https:\/\/norestedigital.net\/?p=12475"},"modified":"2026-05-01T09:43:30","modified_gmt":"2026-05-01T15:43:30","slug":"tiempo-y-espacio-morena-aguas-con-altamira","status":"publish","type":"post","link":"https:\/\/norestedigital.net\/index.php\/2026\/05\/01\/tiempo-y-espacio-morena-aguas-con-altamira\/","title":{"rendered":"Tiempo y Espacio&#8230;.Morena: Aguas con Altamira."},"content":{"rendered":"\n<p>Tiempo y Espacio.<br>Morena: Aguas con Altamira.<br>Por Jaime Luis Soto.<br>La afiliaci\u00f3n a Morena de la expriista GRISELDA CARRILLO REYES<br>provoc\u00f3 bastante ruido en el sur de Tamaulipas, sobretodo en<br>Altamira en donde su actual alcalde, ARMANDO MART\u00cdNEZ<br>MANR\u00cdQUEZ ya no podr\u00e1 reelegirse.<br>Por supuesto que GRISELDA, quien merece todo nuestro respeto,<br>tiene el derecho de afiliarse a Morena y si el partido guinda acept\u00f3<br>que se sume a sus filas, pues entonces no hay problema alguno.<br>El meollo del asunto aqu\u00ed es que, obviamente, GRISELDA buscar\u00e1<br>crear su propio proyecto y es muy, pero muy probable que se<br>registre en el proceso interna de Morena para elegir a la candidata<br>o candidato mediante encuestas.<br>La joven GRISELDA ya ha incursionado en la pol\u00edtica estatal e incluso<br>fue candidata del PRI -en coalici\u00f3n con el Verde y Nueva Alianza-<br>pero perdi\u00f3 frente a ANA LAURA AMPAR\u00c1N, del PAN.<br>De hecho, GRISELDA, en aquel 2016, logr\u00f3 cosechar casi 32 mil<br>votos, mientras que AMPAR\u00c1N poco m\u00e1s de 36 mil.<br>Es decir que, aunque perdi\u00f3, la joven GRISELDA hizo una buena<br>campa\u00f1a y el n\u00famero de votos que alcanz\u00f3 fue m\u00e1s que aceptable<br>y aunque reconoci\u00f3 su derrota, dej\u00f3 constancia de que miles de<br>altamirenses creyeron en su proyecto.<br>Por ello decimos que, en el sur, ya en las filas de Morena, GRISELDA<br>puede dar la gran sorpresa. Como dicen en el rancho: En pol\u00edtica<br>todo puede suceder.<\/p>\n\n\n\n<p>Y eso, \u00f3igame usted, tal vez est\u00e9 incomodando al diputado local<br>MARCELO ABUNDIS RAM\u00cdREZ quien se siente con todo el m\u00e9rito de<br>ser el candidato morenista en Altamira.<br>Recordemos que MARCELO, en el 2024, estuvo a punto de<br>convertirse en candidato de Morena para la alcald\u00eda ante el<br>desbarajuste en que se hab\u00eda convertido el proceso interno del<br>partido guinda.<br>Y en donde muchos caballitos de troya, personajes de otro partido &#8211;<br>l\u00e9ase PAN-, quisieron agandallar la candidatura municipal.<br>Morena no quiso m\u00e1s broncas y decidi\u00f3 volver a postular al alcalde<br>ARMANDO MART\u00cdNEZ MANR\u00cdQUEZ quien se reeligi\u00f3.<br>Cuenta la leyenda que, para tranquilizar a MARCELO, le dieron una<br>diputaci\u00f3n local y, presuntamente, le prometieron que para el 2027<br>ahora s\u00ed ser\u00eda candidato a la alcald\u00eda.<br>Cierto o no, hay quienes dicen que cada vez son menos las<br>posibilidades de que MARCELO llegue a ser el candidato morenista<br>en Altamira para el 2027.<br>Incluso, en esa parte del sur ya est\u00e1n soltando muchos \u201cborregos<br>medi\u00e1ticos\u201d que rayan en lo absurdo, quiz\u00e1s para confundir a la<br>ciudadan\u00eda.<br>Por ejemplo, que hasta CIRO HERN\u00c1NDEZ pudiera afiliarse a<br>Morena y buscar la candidatura municipal.<br>CIRO era priista, pero en febrero del 2016 renunci\u00f3 a las filas<br>tricolores para supuestamente afiliarse al PAN. Pero en el 2021<br>perdi\u00f3 ante ARMANDO. Luego le dieron un cargo estatal los<br>cabecistas que bot\u00f3 a los cuantos meses.<\/p>\n\n\n\n<p>Critic\u00f3 y muy feo al gobierno de ARMANDO MART\u00cdNEZ<br>MANR\u00cdQUEZ, pero cuando \u00e9ste busc\u00f3 su reelecci\u00f3n, CIRO anunci\u00f3<br>que se un\u00eda a su proyecto y aquello fue un tremendo esc\u00e1ndalo.<br>Altamira se est\u00e1 convirtiendo en tierra de sorpresas y confusiones,<br>pol\u00edticamente hablando.<br>\u00bfQu\u00e9 pasar\u00e1 en Altamira en los pr\u00f3ximos meses\u2026?<br>Cambiando de tema, el gobernador AM\u00c9RICO VILLARREAL, llev\u00f3 a<br>cabo una reuni\u00f3n de trabajo con el secretario de Infraestructura,<br>Comunicaciones y Transportes, JES\u00daS ESTEVA MEDINA.<br>Con el prop\u00f3sito de dar seguimiento a los proyectos de<br>infraestructura carretera y ferroviaria que se desarrollan en<br>Tamaulipas<br>Como parte de su agenda de trabajo, en la capital del pa\u00eds,<br>AM\u00c9RICO VILLARREAL expres\u00f3 su compromiso por seguir<br>impulsando, con el respaldo del Gobierno Federal, proyectos<br>estrat\u00e9gicos.<br>Como la concesi\u00f3n del Puente III, en Nuevo Laredo, y la<br>rehabilitaci\u00f3n del Puente Magueyes, en el municipio de Mainero, a<br>fin de mejorar la conectividad y vialidad, y alentar el desarrollo y<br>bienestar de las y los tamaulipecos.<br>El gobernador expuso algunas acciones que lleva a cabo el<br>Gobierno del Estado para la conservaci\u00f3n y mantenimiento de la<br>red carretera estatal, as\u00ed como las gestiones para el paso elevado<br>en Matamoros.<br>De regreso a la capital del Estado, AM\u00c9RICO VILLARREAL asisti\u00f3<br>como invitado de honor al Segundo Informe del rector de la UAT,<br>D\u00c1MASO ANAYA ALVARADO.<\/p>\n\n\n\n<p>Mire usted que el mandatario tamaulipeco destac\u00f3 la evoluci\u00f3n de<br>la UAT hacia la excelencia, reconociendo que la administraci\u00f3n<br>rectoral ha logrado una transformaci\u00f3n hist\u00f3rica.<br>Al consolidar, dijo, la calidad acad\u00e9mica y la vinculaci\u00f3n social,<br>recuperando la misi\u00f3n sustantiva de la UAT en beneficio de<br>Tamaulipas.<br>El gobernador subray\u00f3 que la UAT es estrat\u00e9gica para el desarrollo<br>del estado, y que la visi\u00f3n impulsada, desde su Plan de Desarrollo<br>Institucional, ha permitido fortalecer la misi\u00f3n universitaria.<br>En rubros como cobertura, calidad educativa, investigaci\u00f3n,<br>vinculaci\u00f3n y responsabilidad social, reflejados \u2014dijo\u2014 en este<br>informe de logros y resultados.<br>En su mensaje hizo referencia al reciente reconocimiento<br>expresado por la presidenta CLAUDIA SHEINBAUM a las<br>aportaciones de la UAT en ciencia e innovaci\u00f3n.<br>Reconociendo a la casa de estudios como aliada fundamental en la<br>transformaci\u00f3n de Tamaulipas.<br>Por su parte, el rector D\u00c1MASO ANAYA resalt\u00f3 que la presentaci\u00f3n<br>de su informe ante la Asamblea Universitaria es un ejercicio de<br>rendici\u00f3n de cuentas que refrenda el rumbo de transformaci\u00f3n,<br>fortalecimiento institucional y compromiso social de esta casa de<br>estudios.<br>Resalt\u00f3 la sinergia que la UAT mantiene con el Gobierno del Estado<br>para impulsar proyectos estrat\u00e9gicos en beneficio de la sociedad<br>tamaulipeca, y present\u00f3 un balance de avances que consolida una<br>etapa de transformaci\u00f3n con visi\u00f3n humanista, innovaci\u00f3n y<br>sentido social.<\/p>\n\n\n\n<p>Y en el marco de los festejos del D\u00eda del Ni\u00f1o y la Ni\u00f1a, la<br>presidenta del Sistema DIF LUCY DE GATT\u00c1S y el alcalde de Victoria<br>EDUARDO GATT\u00c1S B\u00c1EZ, organizaron alegre convivio a alumnos de<br>jardines, escuelas primarias y asociaciones civiles.<br>En su mensaje de felicitaci\u00f3n, coincidieron en que el 30 de abril es<br>una fecha muy especial en la que se reconoce la alegr\u00eda, la<br>esperanza y reafirma el compromiso de promover actividades que<br>fortalezcan el bienestar de la ni\u00f1ez.<br>\u201cUstedes nos ense\u00f1an todos los d\u00edas ni\u00f1as y ni\u00f1os el valor de la<br>alegr\u00eda y la esperanza, el DIF Victoria les desea que su d\u00eda est\u00e9 lleno<br>de sonrisas, amor y momentos inolvidables\u201d, manifest\u00f3 LUCY DE<br>GATT\u00c1S en el inicio de las festividades realizadas en la explanada<br>del DIF Victoria.<br>El alcalde EDUARDO GATT\u00c1S B\u00c1EZ se uni\u00f3 a los festejos, que cont\u00f3<br>con la presentaci\u00f3n oficial de la nueva mascota del DIF Victoria<br>+AMOR, entrega de regalos, dulces, refrigerio, reconocimientos a<br>ni\u00f1as y ni\u00f1os destacados en las artes y el deporte, y entrada<br>gratuita al circo Fantastic Soley Circus.<br>Es todo por hoy. Muchas gracias por leer.<br>Correo electr\u00f3nico: jaimeluissoto@hotmail.com<\/p>\n","protected":false},"excerpt":{"rendered":"<p>Tiempo y Espacio.Morena: Aguas con Altamira.Por Jaime Luis Soto.La afiliaci\u00f3n a Morena de la expriista GRISELDA CARRILLO REYESprovoc\u00f3 bastante ruido en el sur de Tamaulipas, sobretodo enAltamira en donde su actual alcalde, ARMANDO MART\u00cdNEZMANR\u00cdQUEZ ya no podr\u00e1 reelegirse.Por supuesto que GRISELDA, quien merece todo nuestro respeto,tiene el derecho de afiliarse a Morena y si el &hellip;<\/p>\n","protected":false},"author":2,"featured_media":9631,"comment_status":"open","ping_status":"open","sticky":false,"template":"","format":"standard","meta":{"footnotes":""},"categories":[4],"tags":[],"class_list":["post-12475","post","type-post","status-publish","format-standard","has-post-thumbnail","","category-columnistas-fashion"],"_links":{"self":[{"href":"https:\/\/norestedigital.net\/index.php\/wp-json\/wp\/v2\/posts\/12475","targetHints":{"allow":["GET"]}}],"collection":[{"href":"https:\/\/norestedigital.net\/index.php\/wp-json\/wp\/v2\/posts"}],"about":[{"href":"https:\/\/norestedigital.net\/index.php\/wp-json\/wp\/v2\/types\/post"}],"author":[{"embeddable":true,"href":"https:\/\/norestedigital.net\/index.php\/wp-json\/wp\/v2\/users\/2"}],"replies":[{"embeddable":true,"href":"https:\/\/norestedigital.net\/index.php\/wp-json\/wp\/v2\/comments?post=12475"}],"version-history":[{"count":1,"href":"https:\/\/norestedigital.net\/index.php\/wp-json\/wp\/v2\/posts\/12475\/revisions"}],"predecessor-version":[{"id":12476,"href":"https:\/\/norestedigital.net\/index.php\/wp-json\/wp\/v2\/posts\/12475\/revisions\/12476"}],"wp:featuredmedia":[{"embeddable":true,"href":"https:\/\/norestedigital.net\/index.php\/wp-json\/wp\/v2\/media\/9631"}],"wp:attachment":[{"href":"https:\/\/norestedigital.net\/index.php\/wp-json\/wp\/v2\/media?parent=12475"}],"wp:term":[{"taxonomy":"category","embeddable":true,"href":"https:\/\/norestedigital.net\/index.php\/wp-json\/wp\/v2\/categories?post=12475"},{"taxonomy":"post_tag","embeddable":true,"href":"https:\/\/norestedigital.net\/index.php\/wp-json\/wp\/v2\/tags?post=12475"}],"curies":[{"name":"wp","href":"https:\/\/api.w.org\/{rel}","templated":true}]}}