{"id":1388,"date":"2026-04-06T20:15:37","date_gmt":"2026-04-07T02:15:37","guid":{"rendered":"https:\/\/norestedigital.net\/?p=1388"},"modified":"2026-04-06T20:15:39","modified_gmt":"2026-04-07T02:15:39","slug":"por-la-libre-rendicion-de-cuentas-y-vision-de-estado-en-la-transformacion-de-tamaulipas","status":"publish","type":"post","link":"https:\/\/norestedigital.net\/index.php\/2026\/04\/06\/por-la-libre-rendicion-de-cuentas-y-vision-de-estado-en-la-transformacion-de-tamaulipas\/","title":{"rendered":"Por La Libre \/\/ \u201cRendici\u00f3n de cuentas y visi\u00f3n de Estado en la transformaci\u00f3n de Tamaulipas\u201d&#8230;"},"content":{"rendered":"\n<p><\/p>\n\n\n\n<p><\/p>\n\n\n\n<p>Por Edelmira Cerecedo Garc\u00eca.<\/p>\n\n\n\n<p>Comparecencias fortalecen el rumbo y la rendici\u00f3n de cuentas en Tamaulipas<br>El inicio de las comparecencias del gabinete estatal en el Congreso del Estado Libre y Soberano de Tamaulipas, como parte de la glosa del IV Informe de Gobierno, marca un momento clave para consolidar el proyecto de transformaci\u00f3n que encabeza el gobernador Am\u00e9rico Villarreal Anaya.<\/p>\n\n\n\n<p>M\u00e1s all\u00e1 de un ejercicio institucional, este proceso refleja una administraci\u00f3n que no reh\u00faye al escrutinio p\u00fablico, sino que lo asume como una herramienta para fortalecer la transparencia, evaluar resultados y seguir avanzando con responsabilidad en beneficio de las y los tamaulipecos.<\/p>\n\n\n\n<p>El presidente de la Junta de Gobierno, el diputado Humberto Armando Prieto Herrera, ha sido claro al convocar a un ejercicio abierto, ordenado y con sentido democr\u00e1tico, donde el di\u00e1logo entre poderes permite conocer a fondo el estado que guarda cada dependencia. Su liderazgo en esta etapa resulta fundamental para garantizar que las comparecencias se desarrollen con seriedad, altura pol\u00edtica y compromiso con la ciudadan\u00eda.<\/p>\n\n\n\n<p>La incorporaci\u00f3n de titulares recientemente nombrados en \u00e1reas estrat\u00e9gicas como Salud y Desarrollo Urbano tambi\u00e9n env\u00eda un mensaje positivo: el gobierno estatal mantiene una din\u00e1mica de ajuste y fortalecimiento constante, priorizando perfiles que respondan a los retos actuales.<\/p>\n\n\n\n<p>El calendario de comparecencias, que inicia este 7 de abril con las secretar\u00edas del Trabajo y Turismo y se extender\u00e1 hasta el 19 de mayo, abarca sectores clave como Seguridad P\u00fablica, Educaci\u00f3n, Finanzas y Bienestar Social, lo que permitir\u00e1 ofrecer una visi\u00f3n integral de los avances alcanzados durante el \u00faltimo a\u00f1o.<\/p>\n\n\n\n<p>En este contexto, el formato que prioriza el di\u00e1logo, la transparencia y la participaci\u00f3n activa del Congreso se convierte en un mecanismo eficaz para consolidar la confianza ciudadana y dar certeza sobre el rumbo que sigue Tamaulipas.<br>Aqu\u00ed no hay espacio para la simulaci\u00f3n: hay trabajo, resultados y una ruta clara.<br>Remate:<br>Las comparecencias no solo informan, confirman que en Tamaulipas hay gobierno, hay direcci\u00f3n y hay liderazgo firme para seguir transformando el estado.<\/p>\n\n\n\n<p>UAT<\/p>\n\n\n\n<p>La Universidad Aut\u00f3noma de Tamaulipas, encabezada por su rector D\u00e1maso Anaya Alvarado, hizo presencia en el acto c\u00edvico de honores a la bandera, refrendando su compromiso con los valores institucionales y el desarrollo del estado.<\/p>\n\n\n\n<p>En ese marco, el gobernador Am\u00e9rico Villarreal Anaya destac\u00f3 que Tamaulipas vive un momento hist\u00f3rico, con m\u00e1s conectividad, impulso al turismo y mayores oportunidades para la poblaci\u00f3n, marcando con claridad el rumbo de su administraci\u00f3n.<\/p>\n\n\n\n<p>Desde el \u00e1mbito pol\u00edtico, el mensaje es de conducci\u00f3n firme y visi\u00f3n de futuro. Desde la trinchera educativa, la UAT se consolida como aliada estrat\u00e9gica, aportando formaci\u00f3n, conocimiento y vinculaci\u00f3n para acompa\u00f1ar ese crecimiento.<\/p>\n\n\n\n<p>No se trata de protagonismos, sino de coincidencias en objetivos.<\/p>\n\n\n\n<p>Gobierno y universidad, cada uno en su papel, pero unidos en prop\u00f3sito, est\u00e1n construyendo un Tamaulipas que avanza con orden, presencia y rumbo claro.<\/p>\n","protected":false},"excerpt":{"rendered":"<p>Por Edelmira Cerecedo Garc\u00eca. Comparecencias fortalecen el rumbo y la rendici\u00f3n de cuentas en TamaulipasEl inicio de las comparecencias del gabinete estatal en el Congreso del Estado Libre y Soberano de Tamaulipas, como parte de la glosa del IV Informe de Gobierno, marca un momento clave para consolidar el proyecto de transformaci\u00f3n que encabeza el &hellip;<\/p>\n","protected":false},"author":2,"featured_media":1096,"comment_status":"open","ping_status":"open","sticky":false,"template":"","format":"standard","meta":{"footnotes":""},"categories":[4],"tags":[],"class_list":["post-1388","post","type-post","status-publish","format-standard","has-post-thumbnail","","category-columnistas-fashion"],"_links":{"self":[{"href":"https:\/\/norestedigital.net\/index.php\/wp-json\/wp\/v2\/posts\/1388","targetHints":{"allow":["GET"]}}],"collection":[{"href":"https:\/\/norestedigital.net\/index.php\/wp-json\/wp\/v2\/posts"}],"about":[{"href":"https:\/\/norestedigital.net\/index.php\/wp-json\/wp\/v2\/types\/post"}],"author":[{"embeddable":true,"href":"https:\/\/norestedigital.net\/index.php\/wp-json\/wp\/v2\/users\/2"}],"replies":[{"embeddable":true,"href":"https:\/\/norestedigital.net\/index.php\/wp-json\/wp\/v2\/comments?post=1388"}],"version-history":[{"count":6,"href":"https:\/\/norestedigital.net\/index.php\/wp-json\/wp\/v2\/posts\/1388\/revisions"}],"predecessor-version":[{"id":10087,"href":"https:\/\/norestedigital.net\/index.php\/wp-json\/wp\/v2\/posts\/1388\/revisions\/10087"}],"wp:featuredmedia":[{"embeddable":true,"href":"https:\/\/norestedigital.net\/index.php\/wp-json\/wp\/v2\/media\/1096"}],"wp:attachment":[{"href":"https:\/\/norestedigital.net\/index.php\/wp-json\/wp\/v2\/media?parent=1388"}],"wp:term":[{"taxonomy":"category","embeddable":true,"href":"https:\/\/norestedigital.net\/index.php\/wp-json\/wp\/v2\/categories?post=1388"},{"taxonomy":"post_tag","embeddable":true,"href":"https:\/\/norestedigital.net\/index.php\/wp-json\/wp\/v2\/tags?post=1388"}],"curies":[{"name":"wp","href":"https:\/\/api.w.org\/{rel}","templated":true}]}}