{"id":1813,"date":"2026-02-14T21:10:08","date_gmt":"2026-02-15T03:10:08","guid":{"rendered":"https:\/\/norestedigital.net\/?p=1813"},"modified":"2026-02-14T21:10:13","modified_gmt":"2026-02-15T03:10:13","slug":"segunda-linea-del-acueducto-aliviara-abasto-pero-dependera-de-concesiones-federales","status":"publish","type":"post","link":"https:\/\/norestedigital.net\/index.php\/2026\/02\/14\/segunda-linea-del-acueducto-aliviara-abasto-pero-dependera-de-concesiones-federales\/","title":{"rendered":"Segunda l\u00ednea del acueducto aliviar\u00e1 abasto, pero depender\u00e1 de concesiones federales"},"content":{"rendered":"\n<p>Alberto Serna<\/p>\n\n\n\n<p>Ciudad Victoria, Tamaulipas.- El secretario del Ayuntamiento de Victoria, Hugo Arael Res\u00e9ndez Silva, se\u00f1al\u00f3 que la segunda l\u00ednea del acueducto representar\u00e1 un avance importante para mejorar el suministro de agua en la capital; sin embargo, aclar\u00f3 que no significa una soluci\u00f3n absoluta al problema, ya que el abastecimiento depende de la capacidad y regulaci\u00f3n de la presa Vicente Guerrero.<\/p>\n\n\n\n<p>El funcionario explic\u00f3 que existe la percepci\u00f3n ciudadana de que, una vez concluida la obra, se terminar\u00e1n definitivamente las restricciones en el servicio.<\/p>\n\n\n\n<p>\u201cEfectivamente la segunda l\u00ednea del acueducto viene a resolver una parte del problema, pero no olvidemos que al final del d\u00eda la presa Vicente Guerrero de origen es para consumo agr\u00edcola, es para abastecer un distrito de riego\u201d, expres\u00f3.<\/p>\n\n\n\n<p>Detall\u00f3 que el uso del agua est\u00e1 sujeto a concesiones otorgadas por la federaci\u00f3n, por lo que el municipio debe apegarse a los vol\u00famenes autorizados por la Comisi\u00f3n Nacional del Agua (Conagua).<\/p>\n\n\n\n<p>\u201cComo toda norma federal o ley general, nosotros estamos supeditados a las concesiones que el gobierno federal nos pueda dar para el uso y aprovechamiento del agua\u201d, indic\u00f3.<\/p>\n\n\n\n<p>Res\u00e9ndez Silva puntualiz\u00f3 que, incluso si la presa alcanzara su m\u00e1xima capacidad, el suministro para la ciudad est\u00e1 limitado a los metros c\u00fabicos autorizados.<\/p>\n\n\n\n<p>\u201cAunque la presa pudiera estar al 100, nosotros, de acuerdo a las concesiones que tenemos, es la capacidad que tenemos para abastecernos\u201d, sostuvo.<\/p>\n\n\n\n<p>Subray\u00f3 que la nueva infraestructura permitir\u00e1 un mejor equilibrio en la distribuci\u00f3n y aliviar\u00e1 de manera significativa la problem\u00e1tica actual.<\/p>\n\n\n\n<p>\u201cViene a dar un gran alivio la segunda l\u00ednea del acueducto, sin duda; viene a resolver una gran parte del problema, si no es que el problema en concreto, pero va a estar ya Victoria muy equilibrado en el tema de la distribuci\u00f3n del agua\u201d, afirm\u00f3.<\/p>\n\n\n\n<p>No obstante, reiter\u00f3 que mientras la presa contin\u00fae siendo de uso agr\u00edcola, las autoridades federales deber\u00e1n garantizar tambi\u00e9n el volumen destinado al riego.<\/p>\n\n\n\n<p>\u201cTenemos que ser muy conscientes de que la segunda l\u00ednea viene a resolver parte del problema, pero la regulaci\u00f3n en materia federal es importante y no la podemos dejar de lado\u201d, a\u00f1adi\u00f3.<\/p>\n\n\n\n<p>En cuanto al crecimiento urbano de la capital, el secretario reconoci\u00f3 que ser\u00e1 necesario gestionar mayores concesiones conforme aumente la demanda.<\/p>\n\n\n\n<p>\u201cSin duda, el crecimiento de Victoria nos va a ir obligando a solicitar m\u00e1s concesiones a la Comisi\u00f3n Nacional del Agua para poder tener la capacidad de distribuci\u00f3n\u201d, se\u00f1al\u00f3.<\/p>\n\n\n\n<p>Incluso, adelant\u00f3 que a largo plazo podr\u00eda contemplarse la construcci\u00f3n de una tercera l\u00ednea del acueducto.<\/p>\n\n\n\n<p>\u201cEn un futuro, como ya lo coment\u00f3 el alcalde, pasados los 50 a\u00f1os se tendr\u00e1 que hacer una tercera l\u00ednea conforme vaya creciendo la mancha urbana\u201d, coment\u00f3.<\/p>\n\n\n\n<p>Por ahora, explic\u00f3, lo urgente era alcanzar la capacidad proyectada para garantizar el abasto regular.<\/p>\n\n\n\n<p>\u201cLo que urg\u00eda era que Victoria contara con esa capacidad de los mil 700 litros c\u00fabicos por segundo para que pudiera la ciudadan\u00eda tener agua de manera regular\u201d, concluy\u00f3.<\/p>\n","protected":false},"excerpt":{"rendered":"<p>Alberto Serna Ciudad Victoria, Tamaulipas.- El secretario del Ayuntamiento de Victoria, Hugo Arael Res\u00e9ndez Silva, se\u00f1al\u00f3 que la segunda l\u00ednea del acueducto representar\u00e1 un avance importante para mejorar el suministro de agua en la capital; sin embargo, aclar\u00f3 que no significa una soluci\u00f3n absoluta al problema, ya que el abastecimiento depende de la capacidad y &hellip;<\/p>\n","protected":false},"author":2,"featured_media":1488,"comment_status":"open","ping_status":"open","sticky":false,"template":"","format":"standard","meta":{"footnotes":""},"categories":[48,62],"tags":[],"class_list":["post-1813","post","type-post","status-publish","format-standard","has-post-thumbnail","","category-cd-victoria","category-portada"],"_links":{"self":[{"href":"https:\/\/norestedigital.net\/index.php\/wp-json\/wp\/v2\/posts\/1813","targetHints":{"allow":["GET"]}}],"collection":[{"href":"https:\/\/norestedigital.net\/index.php\/wp-json\/wp\/v2\/posts"}],"about":[{"href":"https:\/\/norestedigital.net\/index.php\/wp-json\/wp\/v2\/types\/post"}],"author":[{"embeddable":true,"href":"https:\/\/norestedigital.net\/index.php\/wp-json\/wp\/v2\/users\/2"}],"replies":[{"embeddable":true,"href":"https:\/\/norestedigital.net\/index.php\/wp-json\/wp\/v2\/comments?post=1813"}],"version-history":[{"count":2,"href":"https:\/\/norestedigital.net\/index.php\/wp-json\/wp\/v2\/posts\/1813\/revisions"}],"predecessor-version":[{"id":5009,"href":"https:\/\/norestedigital.net\/index.php\/wp-json\/wp\/v2\/posts\/1813\/revisions\/5009"}],"wp:featuredmedia":[{"embeddable":true,"href":"https:\/\/norestedigital.net\/index.php\/wp-json\/wp\/v2\/media\/1488"}],"wp:attachment":[{"href":"https:\/\/norestedigital.net\/index.php\/wp-json\/wp\/v2\/media?parent=1813"}],"wp:term":[{"taxonomy":"category","embeddable":true,"href":"https:\/\/norestedigital.net\/index.php\/wp-json\/wp\/v2\/categories?post=1813"},{"taxonomy":"post_tag","embeddable":true,"href":"https:\/\/norestedigital.net\/index.php\/wp-json\/wp\/v2\/tags?post=1813"}],"curies":[{"name":"wp","href":"https:\/\/api.w.org\/{rel}","templated":true}]}}