{"id":1847,"date":"2026-02-21T21:26:21","date_gmt":"2026-02-22T03:26:21","guid":{"rendered":"https:\/\/norestedigital.net\/?p=1847"},"modified":"2026-02-21T21:26:23","modified_gmt":"2026-02-22T03:26:23","slug":"restringe-dolares-la-banca-y-posicionan-casas-de-cambio","status":"publish","type":"post","link":"https:\/\/norestedigital.net\/index.php\/2026\/02\/21\/restringe-dolares-la-banca-y-posicionan-casas-de-cambio\/","title":{"rendered":"Restringe d\u00f3lares la banca y posicionan casas de cambio\u00a0"},"content":{"rendered":"\n<p><\/p>\n\n\n\n<p><strong>Por Javier Claudio<\/strong><\/p>\n\n\n\n<p><strong>Nuevo Laredo, Tamaulipas, &#8211; .\u00a0<\/strong>Inquietante para el fronterizo la sostenida restricci\u00f3n en la venta de d\u00f3lares en los bancos, como una medida de la econom\u00eda, lo que obliga a buscarlo para su adquisici\u00f3n en las casas de cambio, donde es puesto con ligero incremento en su comercializaci\u00f3n.<\/p>\n\n\n\n<p>&nbsp;&nbsp;&nbsp;&nbsp;&nbsp;&nbsp;&nbsp;&nbsp;&nbsp;&nbsp;&nbsp;&nbsp;Los bancos protegen de esta manera el equilibrio econ\u00f3mico. Te pueden comprar, pero no vender. Es decir, no se quedan sin servicio a sus clientes, s\u00f3lo estos tienen qu\u00e9 solicitar la compra con anticipaci\u00f3n, explic\u00f3 el empresario Fernando Torres Villarreal.<\/p>\n\n\n\n<p>&nbsp;&nbsp;&nbsp;&nbsp;&nbsp;&nbsp;&nbsp;&nbsp;&nbsp;&nbsp;&nbsp;&nbsp;\u201cBien se puede decir que esta ser\u00eda una medida de control de los bancos, al proteger la econom\u00eda del pa\u00eds de un desequilibrio mediante la restricci\u00f3n en la venta de d\u00f3lares, la que se tiene para los clientes, previa solicitud\u201d, coment\u00f3 el ex presidente del Consejo de Instituciones de Nuevo Laredo.<\/p>\n\n\n\n<p>&nbsp;&nbsp;&nbsp;&nbsp;&nbsp;&nbsp;&nbsp;&nbsp;&nbsp;&nbsp;&nbsp;&nbsp;La jornada bancaria de ayer situ\u00f3 la venta de d\u00f3lares en los bancos en 17.80 a la venta, la que se mantuvo cerrada, y de 18.20 a la compra, pero en un movimiento restringido en tanto que en las casas de cambio fue de 18.50 a la venta y 17.20 a la compra.<\/p>\n\n\n\n<p>&nbsp;&nbsp;&nbsp;&nbsp;&nbsp;&nbsp;&nbsp;&nbsp;&nbsp;&nbsp;&nbsp;&nbsp;Cabe se\u00f1alar que normalmente son los bancos quienes normalmente tienen una cotizaci\u00f3n m\u00e1s alta en la compra-venta de d\u00f3lares, no obstante, en esta ocasi\u00f3n las instituciones crediticias tasaron con escasa diferencia.<\/p>\n\n\n\n<p>&nbsp;&nbsp;&nbsp;&nbsp;&nbsp;&nbsp;&nbsp;&nbsp;&nbsp;&nbsp;&nbsp;&nbsp;\u201cCon estas medidas a trav\u00e9s de los bancos, lo que quiere el Gobierno es evitar un desbalance de la econom\u00eda mediante compras excesivas, am\u00e9n de que el pa\u00eds tiene reservas, y la otra ser\u00eda la fuga especulativa de capitales\u201d, destac\u00f3 Torres Villareal.<\/p>\n\n\n\n<p>&nbsp;&nbsp;&nbsp;&nbsp;&nbsp;&nbsp;&nbsp;&nbsp;&nbsp;&nbsp;&nbsp;&nbsp;Todo es parte de la estabilidad econ\u00f3mica que se tiene pues M\u00e9xico y Estados Unidos tienen actualmente una comercializaci\u00f3n de 600 mil millones de d\u00f3lares, con un d\u00e9ficit en la balanza comercial del orden de los 15 mil millones de d\u00f3lares.<\/p>\n\n\n\n<p>&nbsp;&nbsp;&nbsp;&nbsp;&nbsp;&nbsp;&nbsp;&nbsp;&nbsp;&nbsp;&nbsp;&nbsp;\u201cSon medidas precautorias (la restricci\u00f3n en venta de d\u00f3lares) desde el punto de vista comercial\u201d, aunque ya se tienen varios a\u00f1os as\u00ed, asent\u00f3.<\/p>\n","protected":false},"excerpt":{"rendered":"<p>Por Javier Claudio Nuevo Laredo, Tamaulipas, &#8211; .\u00a0Inquietante para el fronterizo la sostenida restricci\u00f3n en la venta de d\u00f3lares en los bancos, como una medida de la econom\u00eda, lo que obliga a buscarlo para su adquisici\u00f3n en las casas de cambio, donde es puesto con ligero incremento en su comercializaci\u00f3n. &nbsp;&nbsp;&nbsp;&nbsp;&nbsp;&nbsp;&nbsp;&nbsp;&nbsp;&nbsp;&nbsp;&nbsp;Los bancos protegen de esta &hellip;<\/p>\n","protected":false},"author":2,"featured_media":1844,"comment_status":"open","ping_status":"open","sticky":false,"template":"","format":"standard","meta":{"footnotes":""},"categories":[37,62],"tags":[],"class_list":["post-1847","post","type-post","status-publish","format-standard","has-post-thumbnail","","category-nuevo-laredo","category-portada"],"_links":{"self":[{"href":"https:\/\/norestedigital.net\/index.php\/wp-json\/wp\/v2\/posts\/1847","targetHints":{"allow":["GET"]}}],"collection":[{"href":"https:\/\/norestedigital.net\/index.php\/wp-json\/wp\/v2\/posts"}],"about":[{"href":"https:\/\/norestedigital.net\/index.php\/wp-json\/wp\/v2\/types\/post"}],"author":[{"embeddable":true,"href":"https:\/\/norestedigital.net\/index.php\/wp-json\/wp\/v2\/users\/2"}],"replies":[{"embeddable":true,"href":"https:\/\/norestedigital.net\/index.php\/wp-json\/wp\/v2\/comments?post=1847"}],"version-history":[{"count":2,"href":"https:\/\/norestedigital.net\/index.php\/wp-json\/wp\/v2\/posts\/1847\/revisions"}],"predecessor-version":[{"id":5618,"href":"https:\/\/norestedigital.net\/index.php\/wp-json\/wp\/v2\/posts\/1847\/revisions\/5618"}],"wp:featuredmedia":[{"embeddable":true,"href":"https:\/\/norestedigital.net\/index.php\/wp-json\/wp\/v2\/media\/1844"}],"wp:attachment":[{"href":"https:\/\/norestedigital.net\/index.php\/wp-json\/wp\/v2\/media?parent=1847"}],"wp:term":[{"taxonomy":"category","embeddable":true,"href":"https:\/\/norestedigital.net\/index.php\/wp-json\/wp\/v2\/categories?post=1847"},{"taxonomy":"post_tag","embeddable":true,"href":"https:\/\/norestedigital.net\/index.php\/wp-json\/wp\/v2\/tags?post=1847"}],"curies":[{"name":"wp","href":"https:\/\/api.w.org\/{rel}","templated":true}]}}