{"id":1940,"date":"2026-02-24T21:36:39","date_gmt":"2026-02-25T03:36:39","guid":{"rendered":"https:\/\/norestedigital.net\/?p=1940"},"modified":"2026-02-24T21:36:41","modified_gmt":"2026-02-25T03:36:41","slug":"propone-diputado-victor-garcia-crear-sistema-estatal-de-cuidados-y-mecanismo-de-apoyo-ante-emergencias","status":"publish","type":"post","link":"https:\/\/norestedigital.net\/index.php\/2026\/02\/24\/propone-diputado-victor-garcia-crear-sistema-estatal-de-cuidados-y-mecanismo-de-apoyo-ante-emergencias\/","title":{"rendered":"Propone Diputado V\u00edctor Garc\u00eda crear Sistema Estatal de Cuidados y mecanismo de apoyo ante emergencias"},"content":{"rendered":"\n<p><\/p>\n\n\n\n<p><\/p>\n\n\n\n<p><strong>Ciudad Victoria, Tamaulipas.<\/strong>\u2013 El diputado local <strong>V\u00edctor Manuel Garc\u00eda Fuentes<\/strong> present\u00f3 ante el Pleno del Congreso, la iniciativa de reforma a la Ley de Desarrollo Social del Estado para consolidar el Sistema Estatal de Cuidados y establecer un Mecanismo de Transferencia de Emergencia para el Bienestar.<\/p>\n\n\n\n<p>Al hacer uso de la tribuna, el legislador matamorense se\u00f1al\u00f3 que la propuesta busca fortalecer el marco jur\u00eddico en materia de pol\u00edtica social, \u201cen Tamaulipas avanzamos hacia un modelo de bienestar moderno, basado en derechos y en instituciones s\u00f3lidas que acompa\u00f1en el desarrollo de las familias\u201d, expres\u00f3.<\/p>\n\n\n\n<p>Mencion\u00f3 que uno de los ejes centrales de la propuesta es el reconocimiento del trabajo de cuidados, \u201cuno de los elementos centrales de este nuevo paradigma es el trabajo de cuidados, una actividad esencial para la vida cotidiana y para el funcionamiento de nuestra econom\u00eda\u201d, indic\u00f3.<\/p>\n\n\n\n<p>Asimismo, que reconocerlo y fortalecerlo mediante un Sistema Estatal de Cuidados \u201cpermitir\u00e1 ampliar oportunidades, impulsar la igualdad sustantiva y promover el desarrollo integral de quienes brindan y reciben cuidados\u201d.<\/p>\n\n\n\n<p>\u201cEsta iniciativa propone incorporar en la ley un mecanismo de transferencia de emergencia para el bienestar, dise\u00f1ado para activarse de manera ordenada y transparente cuando as\u00ed lo determine la autoridad competente\u201d, puntualiz\u00f3.<\/p>\n\n\n\n<p>El diputado local, precis\u00f3 que la acci\u00f3n legislativa tiene dos objetivos fundamentales, \u201cprimero, consolidar el Sistema Estatal de Cuidados; segundo, establecer una base legal para un mecanismo de transferencia de emergencia, que permita brindar apoyo temporal y focalizado a las familias tamaulipecas cuando se emita una declaratoria oficial\u201d<\/p>\n\n\n\n<p>La iniciativa contempla la reforma al art\u00edculo 8 y la adici\u00f3n de las fracciones VI y VII al art\u00edculo 17 de la Ley de Desarrollo Social del Estado y fue turnada a comisiones para su an\u00e1lisis y dictaminaci\u00f3n.<\/p>\n","protected":false},"excerpt":{"rendered":"<p>Ciudad Victoria, Tamaulipas.\u2013 El diputado local V\u00edctor Manuel Garc\u00eda Fuentes present\u00f3 ante el Pleno del Congreso, la iniciativa de reforma a la Ley de Desarrollo Social del Estado para consolidar el Sistema Estatal de Cuidados y establecer un Mecanismo de Transferencia de Emergencia para el Bienestar. Al hacer uso de la tribuna, el legislador matamorense &hellip;<\/p>\n","protected":false},"author":2,"featured_media":1614,"comment_status":"open","ping_status":"open","sticky":false,"template":"","format":"standard","meta":{"footnotes":""},"categories":[46,62],"tags":[],"class_list":["post-1940","post","type-post","status-publish","format-standard","has-post-thumbnail","","category-congreso","category-portada"],"_links":{"self":[{"href":"https:\/\/norestedigital.net\/index.php\/wp-json\/wp\/v2\/posts\/1940","targetHints":{"allow":["GET"]}}],"collection":[{"href":"https:\/\/norestedigital.net\/index.php\/wp-json\/wp\/v2\/posts"}],"about":[{"href":"https:\/\/norestedigital.net\/index.php\/wp-json\/wp\/v2\/types\/post"}],"author":[{"embeddable":true,"href":"https:\/\/norestedigital.net\/index.php\/wp-json\/wp\/v2\/users\/2"}],"replies":[{"embeddable":true,"href":"https:\/\/norestedigital.net\/index.php\/wp-json\/wp\/v2\/comments?post=1940"}],"version-history":[{"count":4,"href":"https:\/\/norestedigital.net\/index.php\/wp-json\/wp\/v2\/posts\/1940\/revisions"}],"predecessor-version":[{"id":5932,"href":"https:\/\/norestedigital.net\/index.php\/wp-json\/wp\/v2\/posts\/1940\/revisions\/5932"}],"wp:featuredmedia":[{"embeddable":true,"href":"https:\/\/norestedigital.net\/index.php\/wp-json\/wp\/v2\/media\/1614"}],"wp:attachment":[{"href":"https:\/\/norestedigital.net\/index.php\/wp-json\/wp\/v2\/media?parent=1940"}],"wp:term":[{"taxonomy":"category","embeddable":true,"href":"https:\/\/norestedigital.net\/index.php\/wp-json\/wp\/v2\/categories?post=1940"},{"taxonomy":"post_tag","embeddable":true,"href":"https:\/\/norestedigital.net\/index.php\/wp-json\/wp\/v2\/tags?post=1940"}],"curies":[{"name":"wp","href":"https:\/\/api.w.org\/{rel}","templated":true}]}}