{"id":2126,"date":"2026-03-19T22:20:00","date_gmt":"2026-03-20T04:20:00","guid":{"rendered":"https:\/\/norestedigital.net\/?p=2126"},"modified":"2026-03-19T22:20:04","modified_gmt":"2026-03-20T04:20:04","slug":"llama-diputado-victor-garcia-a-no-desinformar-sobre-vacunacion-en-tamaulipas","status":"publish","type":"post","link":"https:\/\/norestedigital.net\/index.php\/2026\/03\/19\/llama-diputado-victor-garcia-a-no-desinformar-sobre-vacunacion-en-tamaulipas\/","title":{"rendered":"Llama Diputado V\u00edctor Garc\u00eda a no desinformar sobre vacunaci\u00f3n en Tamaulipas"},"content":{"rendered":"\n<p><\/p>\n\n\n\n<p>Al debatir un exhorto presentado por el panista Ismael Garc\u00eda Cabeza de Vaca, quien intent\u00f3 se\u00f1alar presuntas <strong>deficiencias en el esquema de vacunaci\u00f3n infantil<\/strong>, el Diputado V\u00edctor Manuel Garc\u00eda Fuentes, presidente de la Comisi\u00f3n de Salud del Congreso del Estado, sostuvo que <strong>en la entidad no existe desabasto de vacunas<\/strong> y llam\u00f3 a evitar la desinformaci\u00f3n en temas de salud p\u00fablica.<\/p>\n\n\n\n<p>Durante su intervenci\u00f3n en tribuna, el legislador se\u00f1al\u00f3 que en Tamaulipas no se han registrado casos de sarampi\u00f3n, por lo que llam\u00f3 a evitar generar alarma entre la poblaci\u00f3n.<\/p>\n\n\n\n<p>\u201cQuiero decirles que en Tamaulipas estamos en cero sarampi\u00f3n; no hay casos de sarampi\u00f3n en Tamaulipas y tenemos que insistir en la vacunaci\u00f3n masiva para evitar que tengamos esta epidemia\u201d, expres\u00f3.<\/p>\n\n\n\n<p>Explic\u00f3 que actualmente el reto principal no es la falta de biol\u00f3gicos, sino lograr que las familias acudan a los centros de salud para completar los esquemas de vacunaci\u00f3n, \u201cvacuna tenemos suficiente en Tamaulipas, lo que hace falta es que le digamos a la poblaci\u00f3n que acudan a vacunarse, porque no hemos rebasado ni siquiera el 75 por ciento de cobertura\u201d.<\/p>\n\n\n\n<p>Respecto a la tuberculosis, Garc\u00eda Fuentes aclar\u00f3 que se trata de un problema de salud p\u00fablica con presencia mundial, relacionado con factores sociales como la migraci\u00f3n y la pobreza, m\u00e1s que con la falta de vacunas.<\/p>\n\n\n\n<p>\u201cSi se quiere politizar el tema de la tuberculosis, hay que decirlo con claridad: es un problema de car\u00e1cter mundial que tiene que ver con la movilidad, la migraci\u00f3n y la pobreza\u201d, agreg\u00f3.<\/p>\n\n\n\n<p>El legislador tambi\u00e9n enfatiz\u00f3 que no corresponde al Congreso emitir alertas epidemiol\u00f3gicas, ya que esa facultad pertenece exclusivamente a las autoridades sanitarias, \u201calertar de una forma equivocada es un delito contra la salud p\u00fablica; nosotros no estamos autorizados para alertar epidemiol\u00f3gicamente\u201d.<\/p>\n\n\n\n<p>El Diputado Matamorense, llam\u00f3 a abordar los temas sanitarios con responsabilidad y conocimiento t\u00e9cnico, y reiter\u00f3 que la prioridad debe ser la prevenci\u00f3n , \u201clo que tenemos que apostarle es a la promoci\u00f3n, a la prevenci\u00f3n y a la participaci\u00f3n social; la vacuna est\u00e1 en los centros de salud, la gente tiene que ir a vacunarse\u201d, concluy\u00f3.<\/p>\n","protected":false},"excerpt":{"rendered":"<p>Al debatir un exhorto presentado por el panista Ismael Garc\u00eda Cabeza de Vaca, quien intent\u00f3 se\u00f1alar presuntas deficiencias en el esquema de vacunaci\u00f3n infantil, el Diputado V\u00edctor Manuel Garc\u00eda Fuentes, presidente de la Comisi\u00f3n de Salud del Congreso del Estado, sostuvo que en la entidad no existe desabasto de vacunas y llam\u00f3 a evitar la &hellip;<\/p>\n","protected":false},"author":2,"featured_media":8719,"comment_status":"open","ping_status":"open","sticky":false,"template":"","format":"standard","meta":{"footnotes":""},"categories":[46,62],"tags":[],"class_list":["post-2126","post","type-post","status-publish","format-standard","has-post-thumbnail","","category-congreso","category-portada"],"_links":{"self":[{"href":"https:\/\/norestedigital.net\/index.php\/wp-json\/wp\/v2\/posts\/2126","targetHints":{"allow":["GET"]}}],"collection":[{"href":"https:\/\/norestedigital.net\/index.php\/wp-json\/wp\/v2\/posts"}],"about":[{"href":"https:\/\/norestedigital.net\/index.php\/wp-json\/wp\/v2\/types\/post"}],"author":[{"embeddable":true,"href":"https:\/\/norestedigital.net\/index.php\/wp-json\/wp\/v2\/users\/2"}],"replies":[{"embeddable":true,"href":"https:\/\/norestedigital.net\/index.php\/wp-json\/wp\/v2\/comments?post=2126"}],"version-history":[{"count":3,"href":"https:\/\/norestedigital.net\/index.php\/wp-json\/wp\/v2\/posts\/2126\/revisions"}],"predecessor-version":[{"id":8720,"href":"https:\/\/norestedigital.net\/index.php\/wp-json\/wp\/v2\/posts\/2126\/revisions\/8720"}],"wp:featuredmedia":[{"embeddable":true,"href":"https:\/\/norestedigital.net\/index.php\/wp-json\/wp\/v2\/media\/8719"}],"wp:attachment":[{"href":"https:\/\/norestedigital.net\/index.php\/wp-json\/wp\/v2\/media?parent=2126"}],"wp:term":[{"taxonomy":"category","embeddable":true,"href":"https:\/\/norestedigital.net\/index.php\/wp-json\/wp\/v2\/categories?post=2126"},{"taxonomy":"post_tag","embeddable":true,"href":"https:\/\/norestedigital.net\/index.php\/wp-json\/wp\/v2\/tags?post=2126"}],"curies":[{"name":"wp","href":"https:\/\/api.w.org\/{rel}","templated":true}]}}