{"id":2584,"date":"2026-03-30T16:07:23","date_gmt":"2026-03-30T22:07:23","guid":{"rendered":"https:\/\/norestedigital.net\/?p=2584"},"modified":"2026-03-30T16:07:53","modified_gmt":"2026-03-30T22:07:53","slug":"gobierno-de-altamira-endurece-sanciones-por-obstruccion-de-la-via-publica","status":"publish","type":"post","link":"https:\/\/norestedigital.net\/index.php\/2026\/03\/30\/gobierno-de-altamira-endurece-sanciones-por-obstruccion-de-la-via-publica\/","title":{"rendered":"Gobierno de Altamira endurece sanciones por obstrucci\u00f3n de la v\u00eda p\u00fablica"},"content":{"rendered":"\n<p><\/p>\n\n\n\n<p>Por Agustin Pe\u00f1a Cruz<br>Ciudad Altamira, Tamps.- La Direcci\u00f3n de Tr\u00e1nsito y Vialidad de Altamira anunci\u00f3 la aplicaci\u00f3n de sanciones econ\u00f3micas y el decomiso de objetos utilizados para apartar espacios en la v\u00eda p\u00fablica. La medida, impulsada por el delegado Santiago Cerecedo Maya, responde al reiterado incumplimiento ciudadano pese a m\u00faltiples exhortos previos.<br>\u201cCuando detectamos o recibimos reportes de este tipo, enviamos una unidad para invitar a retirar los objetos. Si no hacen caso, procedemos a levantarlos y llevarlos\u201d, explic\u00f3 el funcionario, al detallar que art\u00edculos como sillas, cajas u otros objetos utilizados para reservar lugares ser\u00e1n retirados por la autoridad. Posteriormente, los propietarios podr\u00e1n reclamarlos en las oficinas correspondientes, aunque sujetos a una sanci\u00f3n administrativa.<br>El delegado precis\u00f3 que las multas por esta conducta rondan \u201caproximadamente en 10 UMAs\u201d, lo que representa una penalizaci\u00f3n econ\u00f3mica que, hasta ahora, hab\u00eda sido evitada en favor de medidas preventivas. \u201cHemos sido tolerantes, hemos hecho muchos exhortos, pero realmente no hacen caso. Entonces tenemos que aplicar el reglamento y cobrar las multas como debe de ser\u201d, afirm\u00f3.<br>La decisi\u00f3n de endurecer las acciones coincide con el inicio del periodo vacacional, etapa en la que se prev\u00e9 un incremento importante en la afluencia vehicular y peatonal. Bajo este contexto, las autoridades buscan evitar obst\u00e1culos que compliquen la circulaci\u00f3n o generen riesgos. \u201cSe va a requerir que no se enfrenten con obst\u00e1culos en lugares donde puedan transitar libremente\u201d, subray\u00f3.<br>Cerecedo Maya precis\u00f3 que la ocupaci\u00f3n indebida de espacios p\u00fablicos responde a una interpretaci\u00f3n err\u00f3nea por parte de algunos comerciantes y particulares. \u201cEllos rentan o tienen en propiedad un local, pero es del local hacia adentro; la banqueta es para el peat\u00f3n y la calle es para la vialidad\u201d, puntualiz\u00f3, al reiterar que el respeto a estos l\u00edmites es fundamental para el orden urbano.<br>El operativo anunciado no se limita al retiro de objetos. Tambi\u00e9n contempla la intensificaci\u00f3n del uso de gr\u00faas para remover veh\u00edculos estacionados en zonas prohibidas, especialmente en \u00e1reas donde los se\u00f1alamientos indican restricciones claras. De acuerdo con el delegado, esta pr\u00e1ctica ser\u00e1 relevante para reducir riesgos en puntos cr\u00edticos como esquinas y cruces.<br>\u201cCuando detectamos veh\u00edculos mal estacionados, particularmente donde deben respetarse los 10 metros que establece el reglamento, procedemos con la gr\u00faa\u201d, explic\u00f3. La referencia corresponde al art\u00edculo 148 del reglamento de tr\u00e1nsito, que obliga a mantener despejadas las esquinas para garantizar visibilidad y maniobrabilidad.<br>El funcionario advirti\u00f3 que los veh\u00edculos en estas condiciones no solo infringen la normativa, sino que generan situaciones de peligro. \u201cRepresentan un obst\u00e1culo para quienes van a dar vuelta. Una persona puede golpear otro veh\u00edculo mal estacionado y terminar siendo responsable\u201d, se\u00f1al\u00f3.<br>Otra de las conductas que ser\u00e1 sancionada con mayor rigor es el estacionamiento en doble fila, una pr\u00e1ctica com\u00fan que, seg\u00fan las autoridades, impacta directamente en la fluidez del tr\u00e1fico. \u201cNo han entendido que estacionarse en doble fila obstruye la vialidad y retiene todo el flujo vehicular\u201d, indic\u00f3.<br>A pesar del endurecimiento de las medidas, Cerecedo Maya asegur\u00f3 que el enfoque inicial seguir\u00e1 privilegiando el di\u00e1logo. \u201cPrimero exhortamos, como lo hemos hecho antes, pero pedimos que respeten los se\u00f1alamientos, que no se estacionen en lugares prohibidos y que no aparten espacios\u201d, sostuvo.<\/p>\n\n\n\n<p><\/p>\n","protected":false},"excerpt":{"rendered":"<p>Por Agustin Pe\u00f1a CruzCiudad Altamira, Tamps.- La Direcci\u00f3n de Tr\u00e1nsito y Vialidad de Altamira anunci\u00f3 la aplicaci\u00f3n de sanciones econ\u00f3micas y el decomiso de objetos utilizados para apartar espacios en la v\u00eda p\u00fablica. La medida, impulsada por el delegado Santiago Cerecedo Maya, responde al reiterado incumplimiento ciudadano pese a m\u00faltiples exhortos previos.\u201cCuando detectamos o recibimos &hellip;<\/p>\n","protected":false},"author":2,"featured_media":9549,"comment_status":"open","ping_status":"open","sticky":false,"template":"","format":"standard","meta":{"footnotes":""},"categories":[52,62],"tags":[],"class_list":["post-2584","post","type-post","status-publish","format-standard","has-post-thumbnail","","category-altamira","category-portada"],"_links":{"self":[{"href":"https:\/\/norestedigital.net\/index.php\/wp-json\/wp\/v2\/posts\/2584","targetHints":{"allow":["GET"]}}],"collection":[{"href":"https:\/\/norestedigital.net\/index.php\/wp-json\/wp\/v2\/posts"}],"about":[{"href":"https:\/\/norestedigital.net\/index.php\/wp-json\/wp\/v2\/types\/post"}],"author":[{"embeddable":true,"href":"https:\/\/norestedigital.net\/index.php\/wp-json\/wp\/v2\/users\/2"}],"replies":[{"embeddable":true,"href":"https:\/\/norestedigital.net\/index.php\/wp-json\/wp\/v2\/comments?post=2584"}],"version-history":[{"count":5,"href":"https:\/\/norestedigital.net\/index.php\/wp-json\/wp\/v2\/posts\/2584\/revisions"}],"predecessor-version":[{"id":9550,"href":"https:\/\/norestedigital.net\/index.php\/wp-json\/wp\/v2\/posts\/2584\/revisions\/9550"}],"wp:featuredmedia":[{"embeddable":true,"href":"https:\/\/norestedigital.net\/index.php\/wp-json\/wp\/v2\/media\/9549"}],"wp:attachment":[{"href":"https:\/\/norestedigital.net\/index.php\/wp-json\/wp\/v2\/media?parent=2584"}],"wp:term":[{"taxonomy":"category","embeddable":true,"href":"https:\/\/norestedigital.net\/index.php\/wp-json\/wp\/v2\/categories?post=2584"},{"taxonomy":"post_tag","embeddable":true,"href":"https:\/\/norestedigital.net\/index.php\/wp-json\/wp\/v2\/tags?post=2584"}],"curies":[{"name":"wp","href":"https:\/\/api.w.org\/{rel}","templated":true}]}}