{"id":2697,"date":"2026-03-29T21:21:43","date_gmt":"2026-03-30T03:21:43","guid":{"rendered":"https:\/\/norestedigital.net\/?p=2697"},"modified":"2026-03-29T21:21:46","modified_gmt":"2026-03-30T03:21:46","slug":"cena-de-negros-vacaciones-sin-dinero","status":"publish","type":"post","link":"https:\/\/norestedigital.net\/index.php\/2026\/03\/29\/cena-de-negros-vacaciones-sin-dinero\/","title":{"rendered":"CENA DE NEGROS \/\/ Vacaciones sin dinero\u2026"},"content":{"rendered":"\n<p><br>Marco Antonio V\u00e1zquez Villanueva<br><br>Entre chismes y acusaciones de que se comen unos a otros, en una aut\u00e9ntica fiesta de la carne que se est\u00e1n dando los pol\u00edticos que aspiran a un puesto de elecci\u00f3n popular por diferentes partidos, en medio de todo eso, cientos de miles de tamaulipecos comenzaron a salir a la calle, a la carretera.<br>Lo hacen sin m\u00e1s armas que la fe y con la convicci\u00f3n de tener paz en su familia, muchos tomar\u00e1n las iglesias como centros de oraci\u00f3n, otros saldr\u00e1n a disfrutar los r\u00edos, playas, monta\u00f1as y centros culturales de las ciudades, la intenci\u00f3n es relajarse del estr\u00e9s que causa el trabajo diario y los problemas de violencia, incluso de los pol\u00edticos.<br>Por suerte no se necesita mucho, con ganas y con que el sol se asome ser\u00e1 suficiente para que se abarroten las playas y los centros vacacionales en general.<br>Aqu\u00ed, en la capital de Tamaulipas, a la altura del Paseo M\u00e9ndez, tendremos el San Marcazo y, cr\u00e9ame, no dar\u00e1 cr\u00e9dito a lo que ver\u00e1, seguro ser\u00e1n miles de familias reunidas, riendo, disfrutando del trabajo que hacen el municipio, las televisoras locales y buena parte de la sociedad, todo con el objetivo de hacer fiesta.<br>A todo esto, \u00bfqu\u00e9 es la Semana Santa?. es la celebraci\u00f3n m\u00e1s grande de la Iglesia cat\u00f3lica, el triunfo de Jes\u00fas sobre la muerte y, por tanto, la base de la religi\u00f3n, vivir\u00e1 a detalle la pasi\u00f3n de Cristo y, en s\u00ed, la ense\u00f1anza de Dios al entregar a su hijo a cambio de los pecados de los hombres, para regresar al redil a la oveja descarriada.<br>Eso es lo formal, aunque en realidad, para la gran mayor\u00eda, son vacaciones de primavera, son la fant\u00e1stica oportunidad de salir a liberar el estr\u00e9s y demostrarle al mundo que este Tamaulipas est\u00e1 de pie, altivo y con la enorme necesidad de mostrar que somos m\u00e1s que el oscuro periodo que vivimos en la era del prianismo.<br>Entonces, vamos a bailar, a salir a la calle a divertirnos, a honrar a nuestro Dios si as\u00ed lo prefiere, o a darle vida al cuerpo y al alma porque tambi\u00e9n eso es necesario.<br>Le insisto, no necesita mucho para disfrutar con su familia, el estado es enorme en su riqueza cultural, en su diversidad de climas, contamos con las playas m\u00e1s hermosas del Golfo sino vaya a Miramar, La Pesca, playa Bagdad, si prefiere agua dulce a menos de 40 minutos de la capital est\u00e1 la presa Vicente Guerrero, famosa por la calidad de su pesca y, si le parece poco, a una hora y media est\u00e1 El Cielo, la biosfera de la reserva natural m\u00e1s hermosa del mundo, casi todos los climas, muchas clases de aves y flores que no ver\u00e1 en otra parte, por supuesto, tambi\u00e9n puede tener la suerte de ver animales salvajes que en otro lugar no encontrar\u00e1.<br>Si usted es (o viene de paseo) de la capital, en verdad le invito a que un d\u00eda se levante temprano, enfile hacia ese lugar que se conoce como Los Troncones, camine un buen tramo y encontrar\u00e1 un paisaje que nunca olvidar\u00e1 en su vida, si le gustan las aves, con mayor raz\u00f3n, se le quedar\u00e1 ese espect\u00e1culo de la naturaleza en la mente, ese es el famoso, para los extranjeros, Ca\u00f1\u00f3n de la Peregrina, y digo para los extranjeros porque muchos de aqu\u00ed ni lo conocemos bien.<br>En la ciudad, como en casi todas las ciudades de Tamaulipas, tambi\u00e9n hay mucho que ver, un zool\u00f3gico, el parque de Tamat\u00e1n, el mismo San Marcazo que re\u00fane a miles de victorenses para hacer fiesta, bailes amenizados por grupos locales con la animaci\u00f3n de personajes que usted ve todos los d\u00edas en la televisi\u00f3n, adem\u00e1s de otras agrupaciones musicales de gran tradici\u00f3n.<br>Por la seguridad no se mortifique mucho, todas las carreteras y centros recreativos cuentan con vigilancia, al grado que hasta parece un exceso, podr\u00e1 andar muy tranquilo en estos d\u00edas, disfrutar con su familia y recargar pilas para regresar al trabajo hasta el pr\u00f3ximo lunes.<br>Obvio, baile, divi\u00e9rtase, sue\u00f1e, disfrute, pero no olvide que la Semana Santa es un periodo de reflexi\u00f3n, de cuidarnos, de pensar qu\u00e9 podemos hacer para estar mejor, no para emborracharse y poner en peligro a todos.<br>Tampoco crea esa tonter\u00eda de que son d\u00edas de no comer carne o de sacrificarse en ayunos muy prolongados, mejor crea en la idea firme de que tenemos que ayudarnos unos a otros, olvidarnos de destruir y empezar a construir un Tamaulipas que se apegue m\u00e1s a lo que somos, a lo que queremos y hasta a lo que so\u00f1amos.<br>Por lo pronto, vamos a bailar, a tener unos d\u00edas que nos permitan valorar lo que tenemos, que nos hagan pensar en la forma de rescatar a nuestras familias para aportar nuestro granito de arena y que esta sociedad recobre su confianza y la seguridad que siempre tuvimos.<br>Tambi\u00e9n para pensar con qui\u00e9n vamos a trabajar y (aqu\u00ed s\u00ed le hablo de los pol\u00edticos) para que Victoria, o el municipio donde usted vive, tenga el alcalde y los diputados locales y federales que se merece.<br>De esta fiesta de Semana Santa lo que sigue es otra igual de importante, la preelectoral que tenemos encima.<br>En ambas hay que participar, ya no podemos subirnos a la barda a que otros disfruten o trabajen mientras solo vemos qu\u00e9 ocurre, hay que hacer campa\u00f1as abiertamente por unos u otros porque solo de esa manera lograremos que todo vaya mejor, participando, bailando, pero sin dejar que nos lleven al baile y menos que nos toque bailar con la m\u00e1s fea.<\/p>\n\n\n\n<p>Conclusi\u00f3n, no se estrese, hay vacaciones, quiz\u00e1 no dinero, pero vivimos fiesta, sol, playa, en resumen, disfrute Tamaulipas, pero gaste lo que no tiene que ya despu\u00e9s vendr\u00e1 lo dem\u00e1s\u2026<br>DESTACAN EN \u201cDI\u00c1LOGOS CON AM\u00c9RICO\u201d RESULTADOS PRESENTADOS EN EL CUARTO INFORME DE GOBIERNO\u2026 En una emisi\u00f3n especial del programa \u00abDi\u00e1logos con Am\u00e9rico\u00bb, las secretarias de Bienestar Social y Econom\u00eda y los secretarios de Seguridad P\u00fablica y Finanzas realizaron un an\u00e1lisis detallado del Cuarto Informe del gobernador Am\u00e9rico Villarreal Anaya, en el que destacaron los logros y avances que han permitido consolidar la transformaci\u00f3n de Tamaulipas.<br>Durante la emisi\u00f3n de este domingo a trav\u00e9s de Radio Tamaulipas Multicast, las y los funcionarios estatales destacaron la reducci\u00f3n hist\u00f3rica de la pobreza extrema, la fortaleza de la econom\u00eda estatal, el liderazgo nacional en comercio terrestre y ferroviario, los apoyos sin precedentes a las MiPymes, la reducci\u00f3n de los \u00edndices delictivos, el trabajo diario para fortalecer la seguridad p\u00fablica y el manejo responsable de los recursos que han permitido la reducci\u00f3n de la deuda del estado y el otorgamiento de las mejores calificaciones crediticias y financieras.<br>En el programa conducido por H\u00e9ctor Cabrera, la secretaria de Bienestar Social, Silvia Casas Gonz\u00e1lez, mencion\u00f3 que la estrategia del gobernador Am\u00e9rico Villarreal, el apoyo de la presidenta Claudia Sheinbaum a trav\u00e9s de los programas federales, as\u00ed como la entrega de 4.5 millones de apoyos alimentarios por parte del estado, permiti\u00f3 una reducci\u00f3n hist\u00f3rica de la pobreza extrema de 2.6 a 1.5%.<br>Tambi\u00e9n puntualiz\u00f3 el crecimiento de los comedores comunitarios, la inversi\u00f3n en infraestructura social, los programas de Empleo Temporal y la atenci\u00f3n focalizada directamente a la poblaci\u00f3n con mayores carencias y rezagos.<br>En el tema de la econom\u00eda, la secretaria Ninfa Cant\u00fa De\u00e1ndar afirm\u00f3 que gracias a la visi\u00f3n del gobernador Am\u00e9rico Villarreal, Tamaulipas ha consolidado su liderazgo nacional en intercambio comercial terrestre y ferroviario, y mencion\u00f3 que el avance del Producto Interno Bruto fue de 2.4%, destacando tambi\u00e9n la generaci\u00f3n de 236 mil empleos, tan solo en el sector industrial.<br>La titular de Econom\u00eda mencion\u00f3 el financiamiento por m\u00e1s de 2 mil mdp a trav\u00e9s del Fondo Tamaulipas, y los logros del programa Transforma Tu Negocio en 18 municipios, y adem\u00e1s se refiri\u00f3 a los planes de expansi\u00f3n del Puente Nuevo Laredo 3, que se ampliar\u00e1 de 8 a 18 carriles, y las nuevas inversiones que llegar\u00e1n al Polo de Desarrollo del Bienestar en Altamira.<br>Por su parte, el secretario de Seguridad P\u00fablica, Carlos Arturo Pancardo Escudero, afirm\u00f3 que se acab\u00f3 el estigma del Tamaulipas inseguro y expuso los resultados de la estrategia que, de manera coordinada e interinstitucional, permitieron reducir los homicidios en un 45%, mientras que el secuestro baj\u00f3 56%; adem\u00e1s, dijo, se registraron descensos significativos en robos y aument\u00f3 casi cuatro veces el aseguramiento de armas, drogas y veh\u00edculos robados.<br>Tambi\u00e9n destac\u00f3 el funcionamiento de las 25 Estaciones Seguras, a las cuales se sumar\u00e1n 15 m\u00e1s en la regi\u00f3n fronteriza, y reconoci\u00f3 el fortalecimiento de la capacidad operativa con personal de la Guardia Estatal debidamente certificado y la formaci\u00f3n de nuevos elementos en la Universidad de Seguridad y Justicia.<br>Por \u00faltimo, el secretario de Finanzas, Carlos Ir\u00e1n Ram\u00edrez, mencion\u00f3 que gracias al manejo honesto y eficiente de los recursos, Tamaulipas cuenta con finanzas s\u00f3lidas, adem\u00e1s de que, gracias a la renegociaci\u00f3n de la deuda, se liberaron 1,750 mdp que, por indicaciones del gobernador, se destinan a los programas de salud, a m\u00e1s obras p\u00fablicas, seguridad p\u00fablica, programas sociales y se garantizan los programas de educaci\u00f3n.<br>El titular de Finanzas asegur\u00f3 que, como lo expres\u00f3 el gobernador Am\u00e9rico Villarreal, \u00abTamaulipas est\u00e1 bien y va a estar mejor\u00bb, lo cual ha sido reconocido por cuatro instituciones financieras, que han otorgado las mejores calificaciones crediticias, lo que se traduce en mayor confianza de las y los inversionistas.<br>ESTUDIANTES LA UAT FORTALECEN SU FORMACI\u00d3N EN LA SCJN Y LA C\u00c1MARA DE DIPUTADOS\u2026 Estudiantes de la Licenciatura en Derecho de la Facultad de Comercio, Administraci\u00f3n y Ciencias Sociales Nuevo Laredo, de la Universidad Aut\u00f3noma de Tamaulipas (UAT), realizaron una estancia acad\u00e9mica en la Ciudad de M\u00e9xico para visitar la Suprema Corte de Justicia de la Naci\u00f3n (SCJN) y la C\u00e1mara de Diputados.<br>Esta actividad, impulsada por la gesti\u00f3n del rector D\u00e1maso Anaya Alvarado, busca estrechar la vinculaci\u00f3n de la casa de estudios con las instituciones federales y enriquecer la formaci\u00f3n profesional del alumnado.<br>Acompa\u00f1ados por el director de la Facultad, Ren\u00e9 Adri\u00e1n Salinas Salinas, los universitarios visitaron la C\u00e1mara de Diputados, donde asistieron a una sesi\u00f3n del pleno, y realizaron un recorrido por el Museo Legislativo y el majestuoso Palacio de San L\u00e1zaro.<br>En este marco, el diputado federal Carlos Canturosas Villarreal recibi\u00f3 personalmente a los estudiantes y les comparti\u00f3 una explicaci\u00f3n sobre la relevancia del trabajo legislativo en la vida p\u00fablica del pa\u00eds.<br>A su vez, a nombre de la Mesa Directiva de este \u00f3rgano legislativo, el diputado Sergio Guti\u00e9rrez Luna brind\u00f3 a los estudiantes un mensaje de bienvenida resaltando la importancia de que los universitarios conozcan este recinto.<br>En otra parte de su estancia, los estudiantes visitaron la Suprema Corte de Justicia de la Naci\u00f3n, lo que les permiti\u00f3 presenciar una sesi\u00f3n del pleno, en la que el presidente de la SCJN, ministro Hugo Aguilar Ortiz, hizo una pausa para brindar un emotivo mensaje a los universitarios, quienes, adem\u00e1s, pudieron realizar un recorrido por los espacios hist\u00f3ricos.<br>Como parte de esta visita, los estudiantes de la UAT fueron atendidos de manera personal por el ministro Irving Espinosa Betanzo, quien comparti\u00f3 reflexiones sobre la funci\u00f3n de la Suprema Corte y les obsequi\u00f3 diversos libros que enriquecer\u00e1n su formaci\u00f3n en el estudio del derecho y la cultura jur\u00eddica.<br>ATIENDE ALCALDE LALO GATT\u00c1S CON MANDOS DE SEGURIDAD REPORTES CIUDADANOS\u2026 Para prevenir delitos y fortalecer la confianza ciudadana, el alcalde Victoria Eduardo Gatt\u00e1s B\u00e1ez encabez\u00f3 el recorrido de proximidad, en coordinaci\u00f3n con mandos de la Guardia Nacional y Guardia Estatal, en el sector del fraccionamiento Rinc\u00f3n de Tamat\u00e1n.<br>Casa por casa, dialogo con vecinos para conocer la problem\u00e1tica de inseguridad que prevalece y establecer estrategias preventivas con el objetivo de inhibir delitos de robo a casa habitaci\u00f3n y transuente denunciados a trav\u00e9s de redes sociales.<br>Gatt\u00e1s B\u00e1ez reiter\u00f3 el compromiso de seguir trabajando de la mano del gobernador Am\u00e9rico Villarreal Anaya para fortalecer la estrategia de seguridad de la presidenta de M\u00e9xico Claudia Sheinbaum Pardo para garantizar la paz social en la Capital de Tamaulipas y todo el pa\u00eds.<br>En compa\u00f1\u00eda de los secretarios de Servicios P\u00fablicos, Obras y Comisi\u00f3n Municipal de Agua Potable y Alcantarillado atendi\u00f3 peticiones de alumbrado, bacheo y fugas en el sector que instruy\u00f3 resolver a la brevedad para dar respuesta a los reportes ciudadanos.<br>Coloque en el buscador de facebok @CENADeNegros1 y le agradecer\u00e9 que me regale un Me Gusta, adem\u00e1s nos puede seguir en la cuenta de X @gatovaliente y, como siempre, le dejo el correo electr\u00f3nico a sus \u00f3rdenes para lo que guste y mande\u2026 marcovazquez20001@hotmail.com<\/p>\n","protected":false},"excerpt":{"rendered":"<p>Marco Antonio V\u00e1zquez VillanuevaEntre chismes y acusaciones de que se comen unos a otros, en una aut\u00e9ntica fiesta de la carne que se est\u00e1n dando los pol\u00edticos que aspiran a un puesto de elecci\u00f3n popular por diferentes partidos, en medio de todo eso, cientos de miles de tamaulipecos comenzaron a salir a la calle, a &hellip;<\/p>\n","protected":false},"author":2,"featured_media":1202,"comment_status":"open","ping_status":"open","sticky":false,"template":"","format":"standard","meta":{"footnotes":""},"categories":[4],"tags":[],"class_list":["post-2697","post","type-post","status-publish","format-standard","has-post-thumbnail","","category-columnistas-fashion"],"_links":{"self":[{"href":"https:\/\/norestedigital.net\/index.php\/wp-json\/wp\/v2\/posts\/2697","targetHints":{"allow":["GET"]}}],"collection":[{"href":"https:\/\/norestedigital.net\/index.php\/wp-json\/wp\/v2\/posts"}],"about":[{"href":"https:\/\/norestedigital.net\/index.php\/wp-json\/wp\/v2\/types\/post"}],"author":[{"embeddable":true,"href":"https:\/\/norestedigital.net\/index.php\/wp-json\/wp\/v2\/users\/2"}],"replies":[{"embeddable":true,"href":"https:\/\/norestedigital.net\/index.php\/wp-json\/wp\/v2\/comments?post=2697"}],"version-history":[{"count":4,"href":"https:\/\/norestedigital.net\/index.php\/wp-json\/wp\/v2\/posts\/2697\/revisions"}],"predecessor-version":[{"id":9494,"href":"https:\/\/norestedigital.net\/index.php\/wp-json\/wp\/v2\/posts\/2697\/revisions\/9494"}],"wp:featuredmedia":[{"embeddable":true,"href":"https:\/\/norestedigital.net\/index.php\/wp-json\/wp\/v2\/media\/1202"}],"wp:attachment":[{"href":"https:\/\/norestedigital.net\/index.php\/wp-json\/wp\/v2\/media?parent=2697"}],"wp:term":[{"taxonomy":"category","embeddable":true,"href":"https:\/\/norestedigital.net\/index.php\/wp-json\/wp\/v2\/categories?post=2697"},{"taxonomy":"post_tag","embeddable":true,"href":"https:\/\/norestedigital.net\/index.php\/wp-json\/wp\/v2\/tags?post=2697"}],"curies":[{"name":"wp","href":"https:\/\/api.w.org\/{rel}","templated":true}]}}