{"id":2700,"date":"2026-02-02T17:30:24","date_gmt":"2026-02-02T23:30:24","guid":{"rendered":"https:\/\/norestedigital.net\/?p=2700"},"modified":"2026-02-02T17:38:06","modified_gmt":"2026-02-02T23:38:06","slug":"nuevo-laredo-consolida-su-liderazgo-aduanero-con-la-llegada-de-la-anam-lideres-locales-reconocen-el-impulso-del-gobierno-municipal","status":"publish","type":"post","link":"https:\/\/norestedigital.net\/index.php\/2026\/02\/02\/nuevo-laredo-consolida-su-liderazgo-aduanero-con-la-llegada-de-la-anam-lideres-locales-reconocen-el-impulso-del-gobierno-municipal\/","title":{"rendered":"NUEVO LAREDO CONSOLIDA SU LIDERAZGO ADUANERO CON LA LLEGADA DE LA ANAM; L\u00cdDERES LOCALES RECONOCEN EL IMPULSO DEL GOBIERNO MUNICIPAL"},"content":{"rendered":"\n<p><\/p>\n\n\n\n<p>Nuevo Laredo vive un momento hist\u00f3rico y extraordinario con la instalaci\u00f3n de la Agencia Nacional de Aduanas de M\u00e9xico (ANAM), un proyecto que consolida a la ciudad como la capital aduanera de Latinoam\u00e9rica, coincidieron l\u00edderes acad\u00e9micos, empresariales y de la sociedad civil, quienes adem\u00e1s reconocieron el trabajo coordinado del Gobierno Federal, Estatal y Municipal encabezado por la presidenta Carmen Lilia Canturosas Villarreal.<\/p>\n\n\n\n<p>El director de la Universidad Aut\u00f3noma de Tamaulipas, Campus Nuevo Laredo, Ren\u00e9 Salinas Salinas, calific\u00f3 la llegada de la ANAM como un detonante de desarrollo integral para la ciudad.<\/p>\n\n\n\n<p>\u201cFue un d\u00eda hist\u00f3rico. Nuevo Laredo est\u00e1 pasando por un momento extraordinario y la ANAM va a detonar crecimiento en servicios, infraestructura y oportunidades para nuestra gente\u201d, expres\u00f3.<\/p>\n\n\n\n<p>Destac\u00f3 que la comunidad universitaria ve en la ANAM una gran oportunidad de desarrollo profesional, ya que estudiantes y egresados de diversas carreras como comercio exterior, derecho, administraci\u00f3n, contadur\u00eda y tecnolog\u00edas de la informaci\u00f3n buscan integrarse a esta instituci\u00f3n a trav\u00e9s de pr\u00e1cticas profesionales, servicio social y futuras oportunidades laborales.<\/p>\n\n\n\n<p>\u201cLa vocaci\u00f3n aduanera de Nuevo Laredo es una tradici\u00f3n. La ciudad no ser\u00eda lo que es hoy sin la aduana, y ahora esa experiencia y preparaci\u00f3n acad\u00e9mica de nuestros j\u00f3venes tendr\u00e1 un espacio natural para crecer\u201d, afirm\u00f3.<\/p>\n\n\n\n<p>Salinas Salinas subray\u00f3 que el desarrollo urbano e infraestructura impulsados por el Gobierno Municipal han sido determinantes para atraer proyectos de esta magnitud.<\/p>\n\n\n\n<p>\u201cLa presidencia municipal est\u00e1 haciendo un trabajo extraordinario. Eso ha sido un detonante para que inversiones y proyectos tan trascendentes como la ANAM se instalen en nuestra ciudad\u201d, reconoci\u00f3.<\/p>\n\n\n\n<p>Por su parte, el presidente de la Central de Servicios de Carga de Nuevo Laredo, Eduardo Lozano Guajardo, se\u00f1al\u00f3 que la inauguraci\u00f3n de la ANAM confirma el liderazgo indiscutible de Nuevo Laredo en el comercio internacional.<\/p>\n\n\n\n<p>\u201cEsta agencia viene a reforzar a Nuevo Laredo como el puerto de comercio internacional terrestre n\u00famero uno de Latinoam\u00e9rica. Es una decisi\u00f3n acertada que descentraliza funciones que antes estaban concentradas en la Ciudad de M\u00e9xico\u201d, puntualiz\u00f3.<\/p>\n\n\n\n<p>A\u00f1adi\u00f3 que la presencia de la ANAM generar\u00e1 mayor derrama econ\u00f3mica, atracci\u00f3n de inversiones, llegada de nuevas familias y m\u00e1s demanda de servicios, lo que representa un reto y una oportunidad para la ciudad.<\/p>\n\n\n\n<p>\u201cFelicito a la presidenta municipal por el esfuerzo constante que ha realizado desde su primera administraci\u00f3n. El trabajo en infraestructura, drenajes pluviales y modernizaci\u00f3n de la ciudad ha sido incansable y fundamental para que hoy vivamos este momento\u201d, expres\u00f3.<\/p>\n\n\n\n<p>En tanto, el presidente del Consejo de Instituciones de Nuevo Laredo, Francisco Mej\u00eda Barrientos, calific\u00f3 la instalaci\u00f3n de la ANAM como \u201cun salto gigantesco\u201d para la ciudad.<\/p>\n\n\n\n<p>\u201cEl hecho de que Nuevo Laredo haya sido distinguido para coordinar las 50 aduanas del pa\u00eds es formidable y marca un precedente hist\u00f3rico para nuestra ciudad\u201d, afirm\u00f3.<\/p>\n\n\n\n<p>Destac\u00f3 que este proyecto impulsar\u00e1 el crecimiento econ\u00f3mico, social y cultural, adem\u00e1s de fortalecer la inserci\u00f3n de Nuevo Laredo en el comercio internacional.<\/p>\n\n\n\n<p>\u201cEste es un proyecto que requiere del respaldo de todos: sociedad civil, sectores productivos, comercio y gobierno municipal. El futuro de Nuevo Laredo depende de que trabajemos juntos para que la ANAM sea un \u00e9xito y vayamos m\u00e1s all\u00e1 de lo que se espera\u201d, se\u00f1al\u00f3.<\/p>\n\n\n\n<p>En representaci\u00f3n del sector transportista, H\u00e9ctor Hinojosa, delegado de la C\u00e1mara Nacional del Autotransporte de Carga (CANACAR) en Nuevo Laredo, destac\u00f3 que la instalaci\u00f3n de la ANAM fortalecer\u00e1 de manera directa la actividad log\u00edstica y el comercio exterior en la frontera m\u00e1s importante del pa\u00eds.<\/p>\n\n\n\n<p>\u201cComo transportistas estamos muy contentos. La llegada de la ANAM es un paso muy grande para Nuevo Laredo y para el sector del autotransporte, porque fortalece a la aduana terrestre n\u00famero uno de M\u00e9xico. Esto har\u00e1 que m\u00e1s empresas volteen a ver a nuestra ciudad y contin\u00faen utilizando esta frontera para sus operaciones\u201d, afirm\u00f3.<\/p>\n\n\n\n<p>Hinojosa subray\u00f3 que actualmente por Nuevo Laredo cruzan alrededor de 15 mil camiones diarios, lo que refleja la magnitud e importancia estrat\u00e9gica de esta frontera, y destac\u00f3 que la presencia de la ANAM permitir\u00e1 agilizar tr\u00e1mites y acercar la toma de decisiones al principal puerto terrestre del pa\u00eds.<\/p>\n\n\n\n<p>\u201cAhora muchos tr\u00e1mites que antes se realizaban en la Ciudad de M\u00e9xico podr\u00e1n resolverse aqu\u00ed mismo. Esto har\u00e1 m\u00e1s eficientes los cruces, fortalecer\u00e1 el comercio y beneficiar\u00e1 directamente a la ciudad\u201d, se\u00f1al\u00f3.<\/p>\n\n\n\n<p>El transportista reconoci\u00f3 la cercan\u00eda y el respaldo del Gobierno Municipal encabezado por la presidenta Carmen Lilia Canturosas Villarreal, as\u00ed como la atenci\u00f3n constante a las necesidades del sector transportista.<\/p>\n\n\n\n<p>\u201cExiste una comunicaci\u00f3n permanente con la presidenta municipal. Hemos visto su apoyo en temas de infraestructura, pavimentaci\u00f3n y atenci\u00f3n inmediata a situaciones que afectan al comercio. Todo esto ha sido clave para que Nuevo Laredo siga fortaleci\u00e9ndose y consolidando proyectos de esta magnitud\u201d, expres\u00f3.<\/p>\n\n\n\n<p>Las voces coinciden en que la llegada de la Agencia Nacional de Aduanas de M\u00e9xico representa un antes y un despu\u00e9s para Nuevo Laredo, consolidando su experiencia aduanera, elevando su competitividad y reafirmando el liderazgo de la ciudad, impulsado por una visi\u00f3n de gobierno que ha apostado por la infraestructura, el desarrollo y el bienestar de sus ciudadanos.<\/p>\n","protected":false},"excerpt":{"rendered":"<p>Nuevo Laredo vive un momento hist\u00f3rico y extraordinario con la instalaci\u00f3n de la Agencia Nacional de Aduanas de M\u00e9xico (ANAM), un proyecto que consolida a la ciudad como la capital aduanera de Latinoam\u00e9rica, coincidieron l\u00edderes acad\u00e9micos, empresariales y de la sociedad civil, quienes adem\u00e1s reconocieron el trabajo coordinado del Gobierno Federal, Estatal y Municipal encabezado &hellip;<\/p>\n","protected":false},"author":2,"featured_media":3374,"comment_status":"open","ping_status":"open","sticky":false,"template":"","format":"standard","meta":{"footnotes":""},"categories":[37,62],"tags":[],"class_list":["post-2700","post","type-post","status-publish","format-standard","has-post-thumbnail","","category-nuevo-laredo","category-portada"],"_links":{"self":[{"href":"https:\/\/norestedigital.net\/index.php\/wp-json\/wp\/v2\/posts\/2700","targetHints":{"allow":["GET"]}}],"collection":[{"href":"https:\/\/norestedigital.net\/index.php\/wp-json\/wp\/v2\/posts"}],"about":[{"href":"https:\/\/norestedigital.net\/index.php\/wp-json\/wp\/v2\/types\/post"}],"author":[{"embeddable":true,"href":"https:\/\/norestedigital.net\/index.php\/wp-json\/wp\/v2\/users\/2"}],"replies":[{"embeddable":true,"href":"https:\/\/norestedigital.net\/index.php\/wp-json\/wp\/v2\/comments?post=2700"}],"version-history":[{"count":2,"href":"https:\/\/norestedigital.net\/index.php\/wp-json\/wp\/v2\/posts\/2700\/revisions"}],"predecessor-version":[{"id":3809,"href":"https:\/\/norestedigital.net\/index.php\/wp-json\/wp\/v2\/posts\/2700\/revisions\/3809"}],"wp:featuredmedia":[{"embeddable":true,"href":"https:\/\/norestedigital.net\/index.php\/wp-json\/wp\/v2\/media\/3374"}],"wp:attachment":[{"href":"https:\/\/norestedigital.net\/index.php\/wp-json\/wp\/v2\/media?parent=2700"}],"wp:term":[{"taxonomy":"category","embeddable":true,"href":"https:\/\/norestedigital.net\/index.php\/wp-json\/wp\/v2\/categories?post=2700"},{"taxonomy":"post_tag","embeddable":true,"href":"https:\/\/norestedigital.net\/index.php\/wp-json\/wp\/v2\/tags?post=2700"}],"curies":[{"name":"wp","href":"https:\/\/api.w.org\/{rel}","templated":true}]}}