{"id":2965,"date":"2026-01-23T18:00:52","date_gmt":"2026-01-24T00:00:52","guid":{"rendered":"https:\/\/norestedigital.net\/?p=2965"},"modified":"2026-01-23T18:00:56","modified_gmt":"2026-01-24T00:00:56","slug":"esperan-restauranteros-ventas-con-visita-oficial","status":"publish","type":"post","link":"https:\/\/norestedigital.net\/index.php\/2026\/01\/23\/esperan-restauranteros-ventas-con-visita-oficial\/","title":{"rendered":"Esperan restauranteros ventas con visita oficial"},"content":{"rendered":"\n<p><strong>Esperan restauranteros<\/strong> <em><strong>ventas con visita oficial<\/strong><\/em><\/p>\n\n\n\n<p><em><strong>Visita oficial de buenas<\/strong><\/em> <em><strong>ventas: Restauranteros<\/strong><\/em><\/p>\n\n\n\n<p><em><strong>&nbsp;&nbsp;&nbsp;&nbsp;&nbsp;&nbsp;&nbsp;&nbsp;&nbsp;&nbsp;&nbsp;&nbsp;&nbsp;&nbsp;&nbsp;&nbsp;&nbsp;&nbsp;&nbsp;&nbsp;&nbsp;&nbsp;&nbsp;&nbsp;&nbsp;&nbsp;&nbsp;&nbsp;&nbsp;&nbsp;&nbsp;&nbsp;&nbsp;&nbsp;&nbsp;&nbsp;&nbsp;&nbsp;&nbsp;&nbsp;&nbsp;&nbsp;&nbsp;&nbsp;&nbsp;&nbsp;&nbsp;Por Javier Claudio<\/strong><\/em><\/p>\n\n\n\n<p><em><strong>&nbsp;&nbsp;&nbsp;&nbsp;&nbsp;&nbsp;&nbsp;&nbsp;&nbsp;&nbsp;&nbsp;&nbsp;<\/strong><\/em><em>El sector restaurantero viste de optimismo ante la visita en puertas de la presidenta Claudia Sheinbaum, al advertir que la relevancia del acto oficial para la inauguraci\u00f3n de la Agencia Nacional de Aduanas de M\u00e9xico (ANAM) atraer\u00e1 buena cantidad de visitantes.<\/em><\/p>\n\n\n\n<p><em>&nbsp;&nbsp;&nbsp;&nbsp;&nbsp;&nbsp;&nbsp;&nbsp;&nbsp;&nbsp;&nbsp;&nbsp;\u201cTiene una relevancia especial este evento. Nuevo Laredo ser\u00e1 figura central del comercio internacional y por lo tanto de visitantes. Estamos listo para atenderlos como se merecen, con lo mejor de nuestros men\u00fas de la regi\u00f3n\u201d, dijo el empresario Perseo Romero Vedia.<\/em><\/p>\n\n\n\n<p><em>&nbsp;&nbsp;&nbsp;&nbsp;&nbsp;&nbsp;&nbsp;&nbsp;&nbsp;&nbsp;&nbsp;&nbsp;El presidente de la C\u00e1mara Nacional de la Industria Restaurantera, A. C. destac\u00f3 la disposici\u00f3n que ha mostrado la gastronom\u00eda de la ciudad, al resultar una oportunidad de ofrecer lo mejor de la comida a los visitantes.<\/em><\/p>\n\n\n\n<p><em>&nbsp;&nbsp;&nbsp;&nbsp;&nbsp;&nbsp;&nbsp;&nbsp;&nbsp;&nbsp;&nbsp;&nbsp;Asinti\u00f3 que de manera adicional al equipo de trabajo que la campa\u00f1a a la mandataria Sheinbaum Pardo, integrantes de dependencia alternas y visitantes de nivel central y la regi\u00f3n obliga a dar lo mejor a cada quien en su negocio.<\/em><\/p>\n\n\n\n<p><em>&nbsp;&nbsp;&nbsp;&nbsp;&nbsp;&nbsp;&nbsp;&nbsp;&nbsp;&nbsp;&nbsp;&nbsp;El acto de inauguraci\u00f3n de la ANAM est\u00e1 programado extraoficialmente para el domingo al mediod\u00eda y tras el evento, el conglomerada en torno a la visita acudir\u00eda a restaurantes antes de retornar a sus lugares de origen.<\/em><\/p>\n\n\n\n<p><em>&nbsp;&nbsp;&nbsp;&nbsp;&nbsp;&nbsp;&nbsp;&nbsp;&nbsp;&nbsp;&nbsp;&nbsp;Remarc\u00f3 Romeo Vedia su optimismo ante esta oportunidad que se presenta al sector restaurantero para atender a los visitantes como se merecen y representarles una muestra de la gastronom\u00eda local y servicio.<\/em><\/p>\n\n\n\n<p><em>&nbsp;&nbsp;&nbsp;&nbsp;&nbsp;&nbsp;&nbsp;&nbsp;&nbsp;&nbsp;&nbsp;&nbsp;La magnitud de importancia que representa el arranque de la ANAM nos merece optimismo, pues se estima estar\u00edan visitantes del comercio internacional y nacional que si bien ser\u00e1 corta su estancia, ser\u00e1 una oportunidad para mostrar lo mejor de nuestra gastronom\u00eda, asent\u00f3.<\/em><\/p>\n","protected":false},"excerpt":{"rendered":"<p>Esperan restauranteros ventas con visita oficial Visita oficial de buenas ventas: Restauranteros &nbsp;&nbsp;&nbsp;&nbsp;&nbsp;&nbsp;&nbsp;&nbsp;&nbsp;&nbsp;&nbsp;&nbsp;&nbsp;&nbsp;&nbsp;&nbsp;&nbsp;&nbsp;&nbsp;&nbsp;&nbsp;&nbsp;&nbsp;&nbsp;&nbsp;&nbsp;&nbsp;&nbsp;&nbsp;&nbsp;&nbsp;&nbsp;&nbsp;&nbsp;&nbsp;&nbsp;&nbsp;&nbsp;&nbsp;&nbsp;&nbsp;&nbsp;&nbsp;&nbsp;&nbsp;&nbsp;&nbsp;Por Javier Claudio &nbsp;&nbsp;&nbsp;&nbsp;&nbsp;&nbsp;&nbsp;&nbsp;&nbsp;&nbsp;&nbsp;&nbsp;El sector restaurantero viste de optimismo ante la visita en puertas de la presidenta Claudia Sheinbaum, al advertir que la relevancia del acto oficial para la inauguraci\u00f3n de la Agencia Nacional de Aduanas de M\u00e9xico (ANAM) atraer\u00e1 buena cantidad de &hellip;<\/p>\n","protected":false},"author":2,"featured_media":2966,"comment_status":"open","ping_status":"open","sticky":false,"template":"","format":"standard","meta":{"footnotes":""},"categories":[37],"tags":[],"class_list":["post-2965","post","type-post","status-publish","format-standard","has-post-thumbnail","","category-nuevo-laredo"],"_links":{"self":[{"href":"https:\/\/norestedigital.net\/index.php\/wp-json\/wp\/v2\/posts\/2965","targetHints":{"allow":["GET"]}}],"collection":[{"href":"https:\/\/norestedigital.net\/index.php\/wp-json\/wp\/v2\/posts"}],"about":[{"href":"https:\/\/norestedigital.net\/index.php\/wp-json\/wp\/v2\/types\/post"}],"author":[{"embeddable":true,"href":"https:\/\/norestedigital.net\/index.php\/wp-json\/wp\/v2\/users\/2"}],"replies":[{"embeddable":true,"href":"https:\/\/norestedigital.net\/index.php\/wp-json\/wp\/v2\/comments?post=2965"}],"version-history":[{"count":1,"href":"https:\/\/norestedigital.net\/index.php\/wp-json\/wp\/v2\/posts\/2965\/revisions"}],"predecessor-version":[{"id":2968,"href":"https:\/\/norestedigital.net\/index.php\/wp-json\/wp\/v2\/posts\/2965\/revisions\/2968"}],"wp:featuredmedia":[{"embeddable":true,"href":"https:\/\/norestedigital.net\/index.php\/wp-json\/wp\/v2\/media\/2966"}],"wp:attachment":[{"href":"https:\/\/norestedigital.net\/index.php\/wp-json\/wp\/v2\/media?parent=2965"}],"wp:term":[{"taxonomy":"category","embeddable":true,"href":"https:\/\/norestedigital.net\/index.php\/wp-json\/wp\/v2\/categories?post=2965"},{"taxonomy":"post_tag","embeddable":true,"href":"https:\/\/norestedigital.net\/index.php\/wp-json\/wp\/v2\/tags?post=2965"}],"curies":[{"name":"wp","href":"https:\/\/api.w.org\/{rel}","templated":true}]}}