{"id":3100,"date":"2026-03-29T06:23:28","date_gmt":"2026-03-29T12:23:28","guid":{"rendered":"https:\/\/norestedigital.net\/?p=3100"},"modified":"2026-03-29T16:23:45","modified_gmt":"2026-03-29T22:23:45","slug":"desde-mi-aula-alfonso-cepeda-salas-desprecio-o-estrategia","status":"publish","type":"post","link":"https:\/\/norestedigital.net\/index.php\/2026\/03\/29\/desde-mi-aula-alfonso-cepeda-salas-desprecio-o-estrategia\/","title":{"rendered":"Desde mi Aula \/\/ \u00a1ALFONSO CEPEDA SALAS! \u00bfDESPRECIO, O ESTRATEGIA?&#8230;"},"content":{"rendered":"\n<p><\/p>\n\n\n\n<p>Prof. Miguel \u00c1ngel Tovar Tapia.<\/p>\n\n\n\n<p>La pol\u00e9mica decisi\u00f3n de Alfonso Cepeda, l\u00edder nacional del SNTE, de no asistir este pasado jueves 26 del presente mes, a la convocatoria emitida por la dirigencia sindical de la Secci\u00f3n 30, deja un sinf\u00edn de preguntas y lecturas.<\/p>\n\n\n\n<p>\u201cExplicaci\u00f3n no pedida, culpa concedida\u201d, as\u00ed dice el dicho. Y la justificaci\u00f3n ofrecida por su inasistencia, dicen, fue por el gran \u201ccansancio\u201d y esfuerzo, de levantar el dedo hasta las primeras horas de la madrugada en el Senado de la Republica. En pol\u00edtica el cansancio NO existe.<\/p>\n\n\n\n<p>Cepeda recibi\u00f3 una instrucci\u00f3n. Y a la \u00fanica persona que obedecer\u00eda Cepeda, es a la Presidente. No puede ser una determinaci\u00f3n unilateral.<\/p>\n\n\n\n<p>Veamos el contexto pol\u00edtico previo a la reuni\u00f3n magisterial.<\/p>\n\n\n\n<p>Tres d\u00edas antes de la convocatoria sindical, se dio el cuarto informe de gobierno por parte del Dr. Am\u00e9rico Villarreal Anaya. Acto donde la presidente de la rep\u00fablica fue representada por un desconocido funcionario de quinto nivel.<\/p>\n\n\n\n<p>La inmensa mayor\u00eda de los gobernadores enviaron representantes. En pocas palabras, el gobernador no fue arropado por la clase pol\u00edtica de primer nivel que pertenece a morena. Vamos, ni la senadora Olga Sosa que no se pierde la m\u00ednima reuni\u00f3n, asisti\u00f3.<\/p>\n\n\n\n<p>La gran falta de respeto por parte de Alfonso Cepeda para la investidura &nbsp;institucional del gobernador, pero sobre todo a quienes representa, a los miles de Maestras y Maestros de Tamaulipas, tendr\u00e1 consecuencias de toda naturaleza. El Magisterio esta suelto.<\/p>\n\n\n\n<p>La confirmaci\u00f3n de su inasistencia se dio a las nueve de la ma\u00f1ana. L\u00f3gico es pensar que el Gobernador fue puntualmente informado. De ser as\u00ed, porque sus asesores lo expusieron a esta p\u00e9sima broma y desgaste pol\u00edtico?<\/p>\n\n\n\n<p>Acaso era la finalidad?<\/p>\n\n\n\n<p>Y si no fue informado, mucho peor. Enfrento el fuego amigo.<\/p>\n\n\n\n<p>Para esa hora de la ma\u00f1ana el Polyforum recib\u00eda a los cientos de Docentes que viajaron de todos los rincones del estado. Aun no ten\u00edan la informaci\u00f3n de que cepeda no asistir\u00eda. La informaci\u00f3n empez\u00f3 a fluir al mediod\u00eda. El magisterio furioso abandono el recinto cuando el gobernador ten\u00eda la palabra.<\/p>\n\n\n\n<p>Arnulfo derrotado. No sab\u00eda c\u00f3mo reaccionar. No cre\u00eda lo que pasaba.<\/p>\n\n\n\n<p>Si la estrategia era exhibir al desgastado y fraudulento l\u00edder de la 30, para acabarlo pol\u00edticamente, les sali\u00f3 perfecto. Pero al gobernador?&nbsp; Porque?<\/p>\n\n\n\n<p>Asimismo los conocidos tres aspirantes a suceder a Arnulfo, no hicieron acto de presencia. Significa que fueron debidamente informados. Queda MUY claro que ir\u00e1n en unidad. Solo falta determinar qui\u00e9n la encabezar\u00e1.<\/p>\n\n\n\n<p>Cepeda cuid\u00f3 su imagen? Porque todo mundo conoce sus pretensiones de ser candidato y futuro gobernador de Coahuila. Evit\u00f3 estar al lado del gobernador Am\u00e9rico?<\/p>\n\n\n\n<p>No queda ninguna duda que cepeda sigue el guion que le dicta la presidente en esa lucha sorda de poder dentro de la pol\u00edtica nacional.<\/p>\n\n\n\n<p>Todo lo que represente a los rivales pol\u00edticos de Claudia Sheinbaun, la instrucci\u00f3n es el desaire.<\/p>\n\n\n\n<p>Pero en estas decisiones pol\u00edticas, porque el magisterio de Tamaulipas tiene que sudar calenturas ajenas por los desajustes, desacuerdos y conveniencias pol\u00edticas? Sigue siendo moneda de cambio.<\/p>\n\n\n\n<p>Est\u00e1 claro que cepeda ve con miedo y pavor su futuro pol\u00edtico, es inestable. Enfrentar los cuatro a\u00f1os de gobierno que a\u00fan le falta a la presidente, no es cosa menor. Prefiri\u00f3 obedecerla.<\/p>\n\n\n\n<p>Adem\u00e1s, posiblemente cepeda tenga infinidad de pendiente$ que aclarar.<\/p>\n\n\n\n<p>Los dos a\u00f1os de gobierno que le quedan al Dr. Am\u00e9rico, ser\u00eda un da\u00f1o m\u00ednimo calculado y que seguramente el SNTE pueda \u201ccontrolar\u201d, pol\u00edticamente hablando. Prefiri\u00f3 dejarlo \u201cplantado\u201d.<\/p>\n\n\n\n<p>La Secci\u00f3n 30 y el nacional, buscar\u00e1n rabiosamente la manera de congraciarse con la base magisterial. Seguramente sacrifiquen a uno de los suyos y enfrente a la justicia por el conocido fraude de las becas. Pero la ofensa est\u00e1 hecha.<\/p>\n\n\n\n<p>Arnulfo y sus secuaces est\u00e1n acabados. Ninguna propuesta que emane de ellos ser\u00e1 aceptada por el magisterio. Se sirvieron a manos llenas.<\/p>\n\n\n\n<p>Todo indica que el ciclo del SARTET, puede sufrir alteraciones. Llegar\u00e1 su fecha de caducidad?.<\/p>\n\n\n\n<p>Es un suculento, jugoso y delicioso manjar econ\u00f3mico para la 4T.<\/p>\n\n\n\n<p>Arnulfo y compa\u00f1\u00eda lo saben. Puede ser la ofrenda para librar la justicia.<\/p>\n\n\n\n<p>Pero ya surgieron opciones.<\/p>\n\n\n\n<p>El SNTE es la \u00fanica instituci\u00f3n donde se hacen da\u00f1o a s\u00ed mismos, y a los dem\u00e1s. Y aun as\u00ed pueden sonre\u00edr.<\/p>\n\n\n\n<p>miguel_a_tovar_1607@hotmail.com<\/p>\n","protected":false},"excerpt":{"rendered":"<p>Prof. Miguel \u00c1ngel Tovar Tapia. La pol\u00e9mica decisi\u00f3n de Alfonso Cepeda, l\u00edder nacional del SNTE, de no asistir este pasado jueves 26 del presente mes, a la convocatoria emitida por la dirigencia sindical de la Secci\u00f3n 30, deja un sinf\u00edn de preguntas y lecturas. \u201cExplicaci\u00f3n no pedida, culpa concedida\u201d, as\u00ed dice el dicho. Y la &hellip;<\/p>\n","protected":false},"author":2,"featured_media":1657,"comment_status":"open","ping_status":"open","sticky":false,"template":"","format":"standard","meta":{"footnotes":""},"categories":[4,62],"tags":[],"class_list":["post-3100","post","type-post","status-publish","format-standard","has-post-thumbnail","","category-columnistas-fashion","category-portada"],"_links":{"self":[{"href":"https:\/\/norestedigital.net\/index.php\/wp-json\/wp\/v2\/posts\/3100","targetHints":{"allow":["GET"]}}],"collection":[{"href":"https:\/\/norestedigital.net\/index.php\/wp-json\/wp\/v2\/posts"}],"about":[{"href":"https:\/\/norestedigital.net\/index.php\/wp-json\/wp\/v2\/types\/post"}],"author":[{"embeddable":true,"href":"https:\/\/norestedigital.net\/index.php\/wp-json\/wp\/v2\/users\/2"}],"replies":[{"embeddable":true,"href":"https:\/\/norestedigital.net\/index.php\/wp-json\/wp\/v2\/comments?post=3100"}],"version-history":[{"count":2,"href":"https:\/\/norestedigital.net\/index.php\/wp-json\/wp\/v2\/posts\/3100\/revisions"}],"predecessor-version":[{"id":9464,"href":"https:\/\/norestedigital.net\/index.php\/wp-json\/wp\/v2\/posts\/3100\/revisions\/9464"}],"wp:featuredmedia":[{"embeddable":true,"href":"https:\/\/norestedigital.net\/index.php\/wp-json\/wp\/v2\/media\/1657"}],"wp:attachment":[{"href":"https:\/\/norestedigital.net\/index.php\/wp-json\/wp\/v2\/media?parent=3100"}],"wp:term":[{"taxonomy":"category","embeddable":true,"href":"https:\/\/norestedigital.net\/index.php\/wp-json\/wp\/v2\/categories?post=3100"},{"taxonomy":"post_tag","embeddable":true,"href":"https:\/\/norestedigital.net\/index.php\/wp-json\/wp\/v2\/tags?post=3100"}],"curies":[{"name":"wp","href":"https:\/\/api.w.org\/{rel}","templated":true}]}}