{"id":3132,"date":"2026-01-26T08:27:17","date_gmt":"2026-01-26T14:27:17","guid":{"rendered":"https:\/\/norestedigital.net\/?p=3132"},"modified":"2026-01-26T08:27:19","modified_gmt":"2026-01-26T14:27:19","slug":"pide-el-autotransporte-un-plan-de-mantenimiento-en-carreteras","status":"publish","type":"post","link":"https:\/\/norestedigital.net\/index.php\/2026\/01\/26\/pide-el-autotransporte-un-plan-de-mantenimiento-en-carreteras\/","title":{"rendered":"Pide el Autotransporte un plan de mantenimiento en carreteras"},"content":{"rendered":"\n<p><strong>Pide el Autotransporte un plan<\/strong> <strong>de mantenimiento en carreteras<\/strong><\/p>\n\n\n\n<p><strong>&nbsp;&nbsp;&nbsp;&nbsp;&nbsp;&nbsp;&nbsp;&nbsp;&nbsp;&nbsp;&nbsp;&nbsp;&nbsp;&nbsp;&nbsp;&nbsp;&nbsp;&nbsp;&nbsp;&nbsp;&nbsp;&nbsp;&nbsp;&nbsp;&nbsp;&nbsp;&nbsp;&nbsp;&nbsp;&nbsp;&nbsp;&nbsp;&nbsp;&nbsp;&nbsp;&nbsp;&nbsp;&nbsp;&nbsp;&nbsp;&nbsp;&nbsp;&nbsp;&nbsp;&nbsp;&nbsp;&nbsp;Por Javier Claudio<\/strong><\/p>\n\n\n\n<p>Es oportuno y necesario para Nuevo Laredo se aplique un programa integral para la reparaci\u00f3n de las carreteras alternas, siendo lo m\u00e1s oportuno un plan integral solicitado a la Secretar\u00eda de Infraestructura, Comunicaciones y Transportes (SICT).<strong><\/strong><\/p>\n\n\n\n<p>En opini\u00f3n del sector transporte, el prolongado abandono en el mantenimiento y rehabilitaci\u00f3n de carreteras, hace inminente que dicha labor sea extendida a la terminaci\u00f3n local de la red asf\u00e1ltica.<\/p>\n\n\n\n<p>\u201cAqu\u00ed lo m\u00e1s pr\u00e1ctico es solicitar las mejoras que sea necesarias en las rutas, no solamente la Carretera Nacional, esto es que sea extensivas al resto que conectan a Nuevo Laredo\u201d, declar\u00f3 el empresario transportista Arturo Salinas Amaro.<\/p>\n\n\n\n<p>Inst\u00f3 por no solamente pensar m\u00e1s all\u00e1 en la problem\u00e1tica, sino en actuar para solicitar lo que Nuevo Laredo requiere por el hecho de remarcarse como l\u00edder en el comercio internacional.<\/p>\n\n\n\n<p>\u201cLa pr\u00f3xima operaci\u00f3n de la Asociaci\u00f3n Nacional de Aduanas de M\u00e9xico (ANAM), es un hecho de contundencia para que las v\u00edas de tr\u00e1nsito de camiones de carga est\u00e9n en buen estado y se muestren con decoro\u201d, particulariz\u00f3.<\/p>\n\n\n\n<p>Advirti\u00f3 que toda acci\u00f3n que solicite Nuevo Laredo para mejorar las carreteras sea sustentada en el conocimiento de la legalidad, al observar que la SICT puede argumentar que no es de su total responsabilidad su intervenci\u00f3n, pues est\u00e1n concesionadas estas obras.<\/p>\n\n\n\n<p>\u201cAunque no hay que desestimar que hay empresas que han concesionado obras federales como la Autopista Monterrey-Nuevo Laredo cuando esta fue reci\u00e9n entregada la obra y le fue retirada por incumplimientos\u201d, destac\u00f3.<\/p>\n\n\n\n<p>Recomend\u00f3 el empresario que el plan de mejoramiento de rutas en su acceso y salida de carga en el sistema carretero, debe contemplar cada una de las rutas para mejoramiento, mantenimiento y rehabilitaci\u00f3n.<\/p>\n","protected":false},"excerpt":{"rendered":"<p>Pide el Autotransporte un plan de mantenimiento en carreteras &nbsp;&nbsp;&nbsp;&nbsp;&nbsp;&nbsp;&nbsp;&nbsp;&nbsp;&nbsp;&nbsp;&nbsp;&nbsp;&nbsp;&nbsp;&nbsp;&nbsp;&nbsp;&nbsp;&nbsp;&nbsp;&nbsp;&nbsp;&nbsp;&nbsp;&nbsp;&nbsp;&nbsp;&nbsp;&nbsp;&nbsp;&nbsp;&nbsp;&nbsp;&nbsp;&nbsp;&nbsp;&nbsp;&nbsp;&nbsp;&nbsp;&nbsp;&nbsp;&nbsp;&nbsp;&nbsp;&nbsp;Por Javier Claudio Es oportuno y necesario para Nuevo Laredo se aplique un programa integral para la reparaci\u00f3n de las carreteras alternas, siendo lo m\u00e1s oportuno un plan integral solicitado a la Secretar\u00eda de Infraestructura, Comunicaciones y Transportes (SICT). En opini\u00f3n del sector transporte, el prolongado &hellip;<\/p>\n","protected":false},"author":2,"featured_media":3130,"comment_status":"open","ping_status":"open","sticky":false,"template":"","format":"standard","meta":{"footnotes":""},"categories":[37],"tags":[],"class_list":["post-3132","post","type-post","status-publish","format-standard","has-post-thumbnail","","category-nuevo-laredo"],"_links":{"self":[{"href":"https:\/\/norestedigital.net\/index.php\/wp-json\/wp\/v2\/posts\/3132","targetHints":{"allow":["GET"]}}],"collection":[{"href":"https:\/\/norestedigital.net\/index.php\/wp-json\/wp\/v2\/posts"}],"about":[{"href":"https:\/\/norestedigital.net\/index.php\/wp-json\/wp\/v2\/types\/post"}],"author":[{"embeddable":true,"href":"https:\/\/norestedigital.net\/index.php\/wp-json\/wp\/v2\/users\/2"}],"replies":[{"embeddable":true,"href":"https:\/\/norestedigital.net\/index.php\/wp-json\/wp\/v2\/comments?post=3132"}],"version-history":[{"count":1,"href":"https:\/\/norestedigital.net\/index.php\/wp-json\/wp\/v2\/posts\/3132\/revisions"}],"predecessor-version":[{"id":3133,"href":"https:\/\/norestedigital.net\/index.php\/wp-json\/wp\/v2\/posts\/3132\/revisions\/3133"}],"wp:featuredmedia":[{"embeddable":true,"href":"https:\/\/norestedigital.net\/index.php\/wp-json\/wp\/v2\/media\/3130"}],"wp:attachment":[{"href":"https:\/\/norestedigital.net\/index.php\/wp-json\/wp\/v2\/media?parent=3132"}],"wp:term":[{"taxonomy":"category","embeddable":true,"href":"https:\/\/norestedigital.net\/index.php\/wp-json\/wp\/v2\/categories?post=3132"},{"taxonomy":"post_tag","embeddable":true,"href":"https:\/\/norestedigital.net\/index.php\/wp-json\/wp\/v2\/tags?post=3132"}],"curies":[{"name":"wp","href":"https:\/\/api.w.org\/{rel}","templated":true}]}}