{"id":3196,"date":"2026-01-26T18:47:24","date_gmt":"2026-01-27T00:47:24","guid":{"rendered":"https:\/\/norestedigital.net\/?p=3196"},"modified":"2026-01-26T18:47:27","modified_gmt":"2026-01-27T00:47:27","slug":"anuncian-cambio-de-sede-del-tamal-fest-2026-en-nuevo-laredo","status":"publish","type":"post","link":"https:\/\/norestedigital.net\/index.php\/2026\/01\/26\/anuncian-cambio-de-sede-del-tamal-fest-2026-en-nuevo-laredo\/","title":{"rendered":"ANUNCIAN CAMBIO DE SEDE DEL TAMAL FEST 2026 EN NUEVO LAREDO"},"content":{"rendered":"\n<p>ANUNCIAN CAMBIO DE SEDE DEL TAMAL FEST 2026 EN NUEVO LAREDO<\/p>\n\n\n\n<p>Con el objetivo de brindar mayor comodidad, accesibilidad y una mejor experiencia para las familias asistentes, el Gobierno Municipal de Nuevo Laredo informa el cambio de sede del Tamal Fest 2026, el cual se llevar\u00e1 a cabo el sabado 31 de enero, en un horario de 4:00 de la tarde a 10:00 de la noche, en las instalaciones del Polyforum La Fe.<\/p>\n\n\n\n<p>El Festival del Tamal se ha consolidado como uno de los eventos gastron\u00f3micos y culturales m\u00e1s esperados de la ciudad, al reunir a emprendedores locales, cocineras tradicionales y familias neolaredenses en un ambiente de convivencia, m\u00fasica y tradici\u00f3n.<\/p>\n\n\n\n<p>El cambio de sede permitir\u00e1 contar con un espacio m\u00e1s amplio y adecuado para el desarrollo de las actividades programadas, garantizando mayor seguridad, mejor log\u00edstica y \u00e1reas c\u00f3modas para los expositores y el p\u00fablico en general.<\/p>\n\n\n\n<p>Durante el Tamal Fest 2026, las y los asistentes podr\u00e1n disfrutar de una amplia variedad de tamales regionales y tradicionales, as\u00ed como antojitos mexicanos, presentaciones art\u00edsticas y actividades recreativas para toda la familia.<\/p>\n\n\n\n<p>El Gobierno Municipal invita a la ciudadan\u00eda a tomar en cuenta esta actualizaci\u00f3n y a asistir al Polyforum La Fe para disfrutar de una tarde y noche llenas de sabor, tradici\u00f3n y orgullo por la gastronom\u00eda mexicana.<\/p>\n","protected":false},"excerpt":{"rendered":"<p>ANUNCIAN CAMBIO DE SEDE DEL TAMAL FEST 2026 EN NUEVO LAREDO Con el objetivo de brindar mayor comodidad, accesibilidad y una mejor experiencia para las familias asistentes, el Gobierno Municipal de Nuevo Laredo informa el cambio de sede del Tamal Fest 2026, el cual se llevar\u00e1 a cabo el sabado 31 de enero, en un &hellip;<\/p>\n","protected":false},"author":2,"featured_media":3194,"comment_status":"open","ping_status":"open","sticky":false,"template":"","format":"standard","meta":{"footnotes":""},"categories":[37],"tags":[],"class_list":["post-3196","post","type-post","status-publish","format-standard","has-post-thumbnail","","category-nuevo-laredo"],"_links":{"self":[{"href":"https:\/\/norestedigital.net\/index.php\/wp-json\/wp\/v2\/posts\/3196","targetHints":{"allow":["GET"]}}],"collection":[{"href":"https:\/\/norestedigital.net\/index.php\/wp-json\/wp\/v2\/posts"}],"about":[{"href":"https:\/\/norestedigital.net\/index.php\/wp-json\/wp\/v2\/types\/post"}],"author":[{"embeddable":true,"href":"https:\/\/norestedigital.net\/index.php\/wp-json\/wp\/v2\/users\/2"}],"replies":[{"embeddable":true,"href":"https:\/\/norestedigital.net\/index.php\/wp-json\/wp\/v2\/comments?post=3196"}],"version-history":[{"count":1,"href":"https:\/\/norestedigital.net\/index.php\/wp-json\/wp\/v2\/posts\/3196\/revisions"}],"predecessor-version":[{"id":3197,"href":"https:\/\/norestedigital.net\/index.php\/wp-json\/wp\/v2\/posts\/3196\/revisions\/3197"}],"wp:featuredmedia":[{"embeddable":true,"href":"https:\/\/norestedigital.net\/index.php\/wp-json\/wp\/v2\/media\/3194"}],"wp:attachment":[{"href":"https:\/\/norestedigital.net\/index.php\/wp-json\/wp\/v2\/media?parent=3196"}],"wp:term":[{"taxonomy":"category","embeddable":true,"href":"https:\/\/norestedigital.net\/index.php\/wp-json\/wp\/v2\/categories?post=3196"},{"taxonomy":"post_tag","embeddable":true,"href":"https:\/\/norestedigital.net\/index.php\/wp-json\/wp\/v2\/tags?post=3196"}],"curies":[{"name":"wp","href":"https:\/\/api.w.org\/{rel}","templated":true}]}}