{"id":3398,"date":"2026-03-09T15:11:00","date_gmt":"2026-03-09T21:11:00","guid":{"rendered":"https:\/\/norestedigital.net\/?p=3398"},"modified":"2026-03-09T15:11:02","modified_gmt":"2026-03-09T21:11:02","slug":"gobierno-de-tamaulipas-reporta-baja-en-casos-de-gusano-barrenador","status":"publish","type":"post","link":"https:\/\/norestedigital.net\/index.php\/2026\/03\/09\/gobierno-de-tamaulipas-reporta-baja-en-casos-de-gusano-barrenador\/","title":{"rendered":"Gobierno de Tamaulipas reporta baja en casos de gusano barrenador"},"content":{"rendered":"\n<p>V\u00edctor Hugo Mart\u00ednez<\/p>\n\n\n\n<p>El Gobierno de Tamaulipas afirma que los casos de gusano barrenador van a la baja, resultado de las acciones de vigilancia, prevenci\u00f3n y control implementadas para proteger el hato ganadero y evitar la dispersi\u00f3n de la plaga.&nbsp;<\/p>\n\n\n\n<p>Tras registrarse el punto m\u00e1ximo de la contingencia la semana pasada, las autoridades estatales reportaron el inicio de un decremento en la detecci\u00f3n de casos activos.<\/p>\n\n\n\n<p><strong>Estad\u00edsticas y control preventivo<\/strong><\/p>\n\n\n\n<p>El subsecretario de Desarrollo Pecuario y Forestal, Cuauht\u00e9moc Amaya Garc\u00eda, detall\u00f3 que la cifra de casos activos se redujo de 22 a 20 en la \u00faltima semana.&nbsp;<\/p>\n\n\n\n<p>El funcionario destac\u00f3 que el monitoreo reciente no ha arrojado nuevos reportes positivos, lo que refuerza la expectativa de que la tendencia se mantenga en los pr\u00f3ximos d\u00edas.<\/p>\n\n\n\n<p>\u201cYa empieza el decremento y no ha habido reportes recientes. El d\u00eda de ayer estuvimos monitoreando y no hubo nuevos reportes, por lo que esperamos que esta tendencia se mantenga durante los pr\u00f3ximos d\u00edas\u201d, se\u00f1al\u00f3 Amaya Garc\u00eda se\u00f1al\u00f3.<\/p>\n\n\n\n<p><strong>Distribuci\u00f3n geogr\u00e1fica y factores de riesgo<\/strong><\/p>\n\n\n\n<p>Los casos m\u00e1s recientes fueron localizados en los municipios de Aldama, Hidalgo, Ciudad Victoria, Ocampo y Gonz\u00e1lez. La autoridad estatal subray\u00f3 que el control de la plaga en Tamaulipas es cr\u00edtico no solo para el hato local, sino para evitar que la mosca avance hacia el norte del continente, lo que pondr\u00eda en riesgo la exportaci\u00f3n ganadera.<\/p>\n\n\n\n<p>Por otra parte, se inform\u00f3 que factores clim\u00e1ticos influyen directamente en la dispersi\u00f3n de la plaga. Durante una reciente sesi\u00f3n de trabajo con el director general de Salud Animal de Senasica, Gabriel Ayala Borunda, se explic\u00f3 que el comportamiento de los vientos y las corrientes de aire son elementos que pueden favorecer que el insecto avance con mayor rapidez.<\/p>\n\n\n\n<p><strong>Vigilancia permanente<\/strong><\/p>\n\n\n\n<p>La coordinaci\u00f3n entre el Servicio Nacional de Sanidad, Inocuidad y Calidad Agroalimentaria (Senasica), el estado y los ganaderos, se mantiene activa para evitar que la dispersi\u00f3n de la mosca afecte nuevas zonas productivas.<\/p>\n","protected":false},"excerpt":{"rendered":"<p>V\u00edctor Hugo Mart\u00ednez El Gobierno de Tamaulipas afirma que los casos de gusano barrenador van a la baja, resultado de las acciones de vigilancia, prevenci\u00f3n y control implementadas para proteger el hato ganadero y evitar la dispersi\u00f3n de la plaga.&nbsp; Tras registrarse el punto m\u00e1ximo de la contingencia la semana pasada, las autoridades estatales reportaron &hellip;<\/p>\n","protected":false},"author":2,"featured_media":5128,"comment_status":"open","ping_status":"open","sticky":false,"template":"","format":"standard","meta":{"footnotes":""},"categories":[49,62,10],"tags":[],"class_list":["post-3398","post","type-post","status-publish","format-standard","has-post-thumbnail","","category-gobierno-de-tamaulipas","category-portada","category-tam"],"_links":{"self":[{"href":"https:\/\/norestedigital.net\/index.php\/wp-json\/wp\/v2\/posts\/3398","targetHints":{"allow":["GET"]}}],"collection":[{"href":"https:\/\/norestedigital.net\/index.php\/wp-json\/wp\/v2\/posts"}],"about":[{"href":"https:\/\/norestedigital.net\/index.php\/wp-json\/wp\/v2\/types\/post"}],"author":[{"embeddable":true,"href":"https:\/\/norestedigital.net\/index.php\/wp-json\/wp\/v2\/users\/2"}],"replies":[{"embeddable":true,"href":"https:\/\/norestedigital.net\/index.php\/wp-json\/wp\/v2\/comments?post=3398"}],"version-history":[{"count":2,"href":"https:\/\/norestedigital.net\/index.php\/wp-json\/wp\/v2\/posts\/3398\/revisions"}],"predecessor-version":[{"id":7681,"href":"https:\/\/norestedigital.net\/index.php\/wp-json\/wp\/v2\/posts\/3398\/revisions\/7681"}],"wp:featuredmedia":[{"embeddable":true,"href":"https:\/\/norestedigital.net\/index.php\/wp-json\/wp\/v2\/media\/5128"}],"wp:attachment":[{"href":"https:\/\/norestedigital.net\/index.php\/wp-json\/wp\/v2\/media?parent=3398"}],"wp:term":[{"taxonomy":"category","embeddable":true,"href":"https:\/\/norestedigital.net\/index.php\/wp-json\/wp\/v2\/categories?post=3398"},{"taxonomy":"post_tag","embeddable":true,"href":"https:\/\/norestedigital.net\/index.php\/wp-json\/wp\/v2\/tags?post=3398"}],"curies":[{"name":"wp","href":"https:\/\/api.w.org\/{rel}","templated":true}]}}