{"id":3442,"date":"2026-03-08T22:45:45","date_gmt":"2026-03-09T04:45:45","guid":{"rendered":"https:\/\/norestedigital.net\/?p=3442"},"modified":"2026-03-08T22:45:47","modified_gmt":"2026-03-09T04:45:47","slug":"marcha-en-ciudad-victoria-por-el-dia-internacional-de-la-mujer-culmina-con-testimonios-de-victimas-de-violencia","status":"publish","type":"post","link":"https:\/\/norestedigital.net\/index.php\/2026\/03\/08\/marcha-en-ciudad-victoria-por-el-dia-internacional-de-la-mujer-culmina-con-testimonios-de-victimas-de-violencia\/","title":{"rendered":"Marcha en Ciudad Victoria por el D\u00eda Internacional de la Mujer culmina con testimonios de v\u00edctimas de violencia"},"content":{"rendered":"\n<p>*.-Esta tarde, alrededor de 500 mujeres marcharon en Ciudad Victoria para conmemorar el D\u00eda Internacional de la Mujer, exigiendo justicia y seguridad en los hospitales tras el testimonio de una m\u00e9dica residente agredida sexualmente en el Hospital Infantil.<\/p>\n\n\n\n<figure class=\"wp-block-image\"><img decoding=\"async\" src=\"https:\/\/notatamaulipas.com\/wp-content\/uploads\/2026\/03\/WhatsApp-Image-2026-03-08-at-18.13.18-1.jpeg\" alt=\"\" class=\"wp-image-247430\"\/><\/figure>\n\n\n\n<p>*.-La marcha, que recorri\u00f3 la Alameda Francisco I. Madero, incluy\u00f3 la participaci\u00f3n de madres buscadoras, familiares de v\u00edctimas y mujeres del Colectivo Feminista Radical Aquelarre, y finaliz\u00f3 con un evento en la Concha Ac\u00fastica donde se compartieron testimonios de violencia y se realizaron acciones de protesta.<\/p>\n\n\n\n<figure class=\"wp-block-image\"><img decoding=\"async\" src=\"https:\/\/notatamaulipas.com\/wp-content\/uploads\/2026\/03\/bef7eb2d-2482-4415-a8b4-511a71276112.jpg\" alt=\"\" class=\"wp-image-247431\"\/><\/figure>\n\n\n\n<p>Francisco Medina Guerrero<\/p>\n\n\n\n<p>CIUDAD VICTORIA.- Esta tarde Ciudad Victoria se sum\u00f3 al D\u00eda Internacional de la Mujer con una marcha de alrededor de 500 mujeres que recorrieron la zona centro de esta Capital y culmin\u00f3 con un evento en la Concha Ac\u00fastica del Paseo M\u00e9ndez.<\/p>\n\n\n\n<figure class=\"wp-block-image\"><img decoding=\"async\" src=\"https:\/\/notatamaulipas.com\/wp-content\/uploads\/2026\/03\/WhatsApp-Image-2026-03-08-at-18.13.19.jpeg\" alt=\"\" class=\"wp-image-247432\"\/><\/figure>\n\n\n\n<p>Previo a la marcha que recorri\u00f3 toda la Alameda Francisco I. Madero, en El Patinadero de la Unidad Deportiva Adolfo Ruiz Cortines se escuch\u00f3 el testimonio de Daniela, una de las dos m\u00e9dicos residentes del Hospital Infantil que fueron agredidas sexualmente en el interior del Hospital Infantil de esta Ciudad el pasado 30 de diciembre del 2025.<\/p>\n\n\n\n<p>Frente al numeroso grupo de mujeres que estaban listas para participar en la marcha, la doctora exigi\u00f3 que se condene a su violador, se garantice la seguridad para todas las mujeres, ni\u00f1as y ni\u00f1os que est\u00e1n en todos los hospitales y que los hospitales est\u00e9n dirigidos por personas que se interesen por su personal y sus pacientes.<\/p>\n\n\n\n<figure class=\"wp-block-image\"><img decoding=\"async\" src=\"https:\/\/notatamaulipas.com\/wp-content\/uploads\/2026\/03\/5b63d474-477a-441f-a349-de29f64de8d4.jpg\" alt=\"\" class=\"wp-image-247433\"\/><\/figure>\n\n\n\n<p>Pidi\u00f3 respeto al debido proceso y mencion\u00f3 que una imagen que se ha difundido profusamente en redes sociales sobre el presunto violador que las atac\u00f3 no corresponde a la realidad; \u201cest\u00e1 totalmente distorsionada, manipulada con inteligencia artificial, que no se acerca en nada a las im\u00e1genes reales que se encuentran en la carpeta de investigaci\u00f3n\u201d.<\/p>\n\n\n\n<figure class=\"wp-block-image\"><img decoding=\"async\" src=\"https:\/\/notatamaulipas.com\/wp-content\/uploads\/2026\/03\/WhatsApp-Image-2026-03-08-at-18.13.19-1.jpeg\" alt=\"\" class=\"wp-image-247434\"\/><\/figure>\n\n\n\n<p>Despu\u00e9s de su exigencia de justicia, se dio inicio a la marcha que recorri\u00f3 la calle 17, integrada por madres buscadoras, familiares, amigos y v\u00edctimas de violencia, mujeres con discapacidad, madres de familia acompa\u00f1adas de sus hijas e hijos menores de edad y mujeres integrantes del Colectivo Feminista Radical Aquelarre.<\/p>\n\n\n\n<p>Durante la marcha, se dio un cierre por algunos minutos a la vialidad en el crucero del 17 Rosales, y la marcha termin\u00f3 con un evento en la Concha Ac\u00fastica del Paseo Mendez donde varias mujeres v\u00edctimas de violencia dieron su testimonio.<\/p>\n\n\n\n<figure class=\"wp-block-image\"><img decoding=\"async\" src=\"https:\/\/notatamaulipas.com\/wp-content\/uploads\/2026\/03\/18ecbed4-ce0f-475f-9704-618ab147e5c3.jpg\" alt=\"\" class=\"wp-image-247435\"\/><\/figure>\n\n\n\n<p>Posteriormente grafitearon el Monumento a Los Ni\u00f1os H\u00e9roes y tambi\u00e9n colocaron un \u201ctendedero\u201d donde con algunos letreros exhiben a presuntos acosadores y\/o agresores.<\/p>\n\n\n\n<p>Cabe se\u00f1alar que este mismo d\u00eda ocho de marzo, la marcha #8M por el D\u00eda Internacional de la Mujer se llev\u00f3 a cabo en los municipios de Nuevo Laredo, Tampico, Reynosa y Matamoros.<\/p>\n","protected":false},"excerpt":{"rendered":"<p>*.-Esta tarde, alrededor de 500 mujeres marcharon en Ciudad Victoria para conmemorar el D\u00eda Internacional de la Mujer, exigiendo justicia y seguridad en los hospitales tras el testimonio de una m\u00e9dica residente agredida sexualmente en el Hospital Infantil. *.-La marcha, que recorri\u00f3 la Alameda Francisco I. Madero, incluy\u00f3 la participaci\u00f3n de madres buscadoras, familiares de &hellip;<\/p>\n","protected":false},"author":2,"featured_media":7630,"comment_status":"open","ping_status":"open","sticky":false,"template":"","format":"standard","meta":{"footnotes":""},"categories":[48,62],"tags":[],"class_list":["post-3442","post","type-post","status-publish","format-standard","has-post-thumbnail","","category-cd-victoria","category-portada"],"_links":{"self":[{"href":"https:\/\/norestedigital.net\/index.php\/wp-json\/wp\/v2\/posts\/3442","targetHints":{"allow":["GET"]}}],"collection":[{"href":"https:\/\/norestedigital.net\/index.php\/wp-json\/wp\/v2\/posts"}],"about":[{"href":"https:\/\/norestedigital.net\/index.php\/wp-json\/wp\/v2\/types\/post"}],"author":[{"embeddable":true,"href":"https:\/\/norestedigital.net\/index.php\/wp-json\/wp\/v2\/users\/2"}],"replies":[{"embeddable":true,"href":"https:\/\/norestedigital.net\/index.php\/wp-json\/wp\/v2\/comments?post=3442"}],"version-history":[{"count":3,"href":"https:\/\/norestedigital.net\/index.php\/wp-json\/wp\/v2\/posts\/3442\/revisions"}],"predecessor-version":[{"id":7631,"href":"https:\/\/norestedigital.net\/index.php\/wp-json\/wp\/v2\/posts\/3442\/revisions\/7631"}],"wp:featuredmedia":[{"embeddable":true,"href":"https:\/\/norestedigital.net\/index.php\/wp-json\/wp\/v2\/media\/7630"}],"wp:attachment":[{"href":"https:\/\/norestedigital.net\/index.php\/wp-json\/wp\/v2\/media?parent=3442"}],"wp:term":[{"taxonomy":"category","embeddable":true,"href":"https:\/\/norestedigital.net\/index.php\/wp-json\/wp\/v2\/categories?post=3442"},{"taxonomy":"post_tag","embeddable":true,"href":"https:\/\/norestedigital.net\/index.php\/wp-json\/wp\/v2\/tags?post=3442"}],"curies":[{"name":"wp","href":"https:\/\/api.w.org\/{rel}","templated":true}]}}