{"id":3744,"date":"2026-02-22T19:24:04","date_gmt":"2026-02-23T01:24:04","guid":{"rendered":"https:\/\/norestedigital.net\/?p=3744"},"modified":"2026-02-22T19:24:21","modified_gmt":"2026-02-23T01:24:21","slug":"pan-respalda-reduccion-de-jornada-laboral-por-bienestar-social","status":"publish","type":"post","link":"https:\/\/norestedigital.net\/index.php\/2026\/02\/22\/pan-respalda-reduccion-de-jornada-laboral-por-bienestar-social\/","title":{"rendered":"PAN respalda reducci\u00f3n de jornada laboral por bienestar social"},"content":{"rendered":"\n<p><\/p>\n\n\n\n<p>Por Agustin Pe\u00f1a Cruz <br>Ciudad Madero, Tamps.- La discusi\u00f3n sobre la reducci\u00f3n de la jornada laboral semanal ha dejado de ser una consigna sindical para convertirse en un eje de debate pol\u00edtico y social. Hace unas semanas, el Senado aprob\u00f3 la reforma constitucional que plantea disminuir las horas de trabajo, y en los pr\u00f3ximos d\u00edas la minuta ser\u00e1 turnada a la C\u00e1mara de Diputados. En este sentido, el Partido Acci\u00f3n Nacional fij\u00f3 postura a favor de la iniciativa, resaltando el impacto no solo econ\u00f3mico, sino humano.<br>Francisco Casta\u00f1eda Cruz, ex delegado municipal de Acci\u00f3n Nacional y voz p\u00fablica, sostiene que la reforma representa una oportunidad hist\u00f3rica para reconfigurar la relaci\u00f3n entre empleo, familia y tejido social. \u201cEl Partido Acci\u00f3n Nacional est\u00e1 de acuerdo con esta decisi\u00f3n\u201d, afirma con claridad. La raz\u00f3n, explica, es priorizar dimensiones que durante d\u00e9cadas han sido relegadas por una cultura laboral absorbente.<br>\u201cDarle prioridad a la convivencia familiar, a la convivencia con los padres, con los hermanos, tener m\u00e1s tiempo libre para poder fortalecer la acci\u00f3n social, que es lo que necesitamos\u201d, sostiene. El argumento se distancia de un discurso exclusivamente productivista y coloca en el centro el bienestar emocional de las personas trabajadoras.<br>En M\u00e9xico, donde las jornadas laborales se encuentran entre las m\u00e1s extensas de los pa\u00edses miembros de la OCDE, el debate ha oscilado entre la competitividad empresarial y los derechos sociales. Para Casta\u00f1eda Cruz, el punto de quiebre est\u00e1 en reconocer el desgaste que provoca una vida estructurada casi exclusivamente en torno al empleo. \u201cDigamos exclusivamente al trabajo que en t\u00e9rminos emocionales nos deteriora\u201d, advierte.<br>La reforma \u2014que se plantea de implementaci\u00f3n progresiva\u2014 busca reducir la jornada semanal sin afectar derechos adquiridos. Desde la \u00f3ptica del activista, la gradualidad es relevante para equilibrar la transici\u00f3n. \u201cEstamos nosotros de acuerdo con esta resoluci\u00f3n o esta iniciativa que es la cual se va a ir estableciendo de manera progresiva\u201d, se\u00f1ala, en alusi\u00f3n al dise\u00f1o legislativo que prev\u00e9 ajustes escalonados para empresas y trabajadores.<br>M\u00e1s all\u00e1 del plano f\u00edsico, insiste en que el debate debe incorporar la dimensi\u00f3n emocional. \u201cEsto abre la puerta para una convivencia familiar m\u00e1s estrecha\u201d, explica. La tesis que defiende es que menos horas de trabajo no solo implican descanso, sino tiempo de calidad para la reconstrucci\u00f3n de v\u00ednculos familiares y comunitarios.<br>En su diagn\u00f3stico, el exceso de trabajo no es un fen\u00f3meno aislado, sino un factor que incide en problem\u00e1ticas estructurales. \u201cEl objetivo es que seamos felices\u201d, resume. Y a\u00f1ade una advertencia que introduce una dimensi\u00f3n de seguridad p\u00fablica al debate laboral: \u201cSi nosotros nos dedicamos exclusivamente a vivir en el trabajo, vamos a hacer a un lado la cuesti\u00f3n emotiva, espiritual, emocional, la falta de convivencia, que es precisamente esta falta de convivencia con nuestras familias, con nuestros hijos, que ha detonado en acciones agresivas que son alimento para el crimen organizado\u201d.<br>El planteamiento proyecta al deterioro del tejido social \u2014marcado por la ausencia parental, el agotamiento cr\u00f3nico y la desconexi\u00f3n afectiva\u2014 puede convertirse en un terreno f\u00e9rtil para la violencia. \u201cEs uno de los factores de base que se deben atender\u201d, afirma, al considerar que la pol\u00edtica laboral puede incidir indirectamente en la prevenci\u00f3n del delito.<br>El respaldo del PAN a la reforma coloca al partido en una posici\u00f3n que busca conciliar agenda social y responsabilidad econ\u00f3mica. Si bien sectores empresariales han expresado reservas por el posible impacto en costos y productividad, la expresi\u00f3n de Casta\u00f1eda Cruz apela a una l\u00f3gica de inversi\u00f3n social: reducir el agotamiento, fortalecer la convivencia y, con ello, consolidar una sociedad m\u00e1s cohesionada.<br>Por otro lado, el trasfondo, la discusi\u00f3n interpela un modelo de desarrollo que ha privilegiado la extensi\u00f3n de la jornada como sin\u00f3nimo de compromiso y eficiencia. La reforma propone lo contrario: que la calidad de vida sea un indicador tan relevante como el crecimiento econ\u00f3mico.<br>La minuta que llegar\u00e1 a la C\u00e1mara de Diputados pondr\u00e1 a prueba la capacidad de consenso entre fuerzas pol\u00edticas y sectores productivos. Para sus promotores, el reto no es \u00fanicamente normativo, sino cultural. Se trata de redefinir el equilibrio entre trabajo y vida personal en un pa\u00eds donde, hist\u00f3ricamente, el empleo ha absorbido la mayor parte del tiempo y la energ\u00eda de millones de personas.<br>\u201cDe eso se trata aqu\u00ed\u201d, insiste Casta\u00f1eda Cruz. En su visi\u00f3n, la reforma no es solo una modificaci\u00f3n constitucional, sino una apuesta por reconstruir el tejido social desde la base m\u00e1s \u00edntima: el hogar.<\/p>\n","protected":false},"excerpt":{"rendered":"<p>Por Agustin Pe\u00f1a Cruz Ciudad Madero, Tamps.- La discusi\u00f3n sobre la reducci\u00f3n de la jornada laboral semanal ha dejado de ser una consigna sindical para convertirse en un eje de debate pol\u00edtico y social. Hace unas semanas, el Senado aprob\u00f3 la reforma constitucional que plantea disminuir las horas de trabajo, y en los pr\u00f3ximos d\u00edas &hellip;<\/p>\n","protected":false},"author":2,"featured_media":5697,"comment_status":"open","ping_status":"open","sticky":false,"template":"","format":"standard","meta":{"footnotes":""},"categories":[52,61,62],"tags":[],"class_list":["post-3744","post","type-post","status-publish","format-standard","has-post-thumbnail","","category-altamira","category-madero","category-portada"],"_links":{"self":[{"href":"https:\/\/norestedigital.net\/index.php\/wp-json\/wp\/v2\/posts\/3744","targetHints":{"allow":["GET"]}}],"collection":[{"href":"https:\/\/norestedigital.net\/index.php\/wp-json\/wp\/v2\/posts"}],"about":[{"href":"https:\/\/norestedigital.net\/index.php\/wp-json\/wp\/v2\/types\/post"}],"author":[{"embeddable":true,"href":"https:\/\/norestedigital.net\/index.php\/wp-json\/wp\/v2\/users\/2"}],"replies":[{"embeddable":true,"href":"https:\/\/norestedigital.net\/index.php\/wp-json\/wp\/v2\/comments?post=3744"}],"version-history":[{"count":2,"href":"https:\/\/norestedigital.net\/index.php\/wp-json\/wp\/v2\/posts\/3744\/revisions"}],"predecessor-version":[{"id":5698,"href":"https:\/\/norestedigital.net\/index.php\/wp-json\/wp\/v2\/posts\/3744\/revisions\/5698"}],"wp:featuredmedia":[{"embeddable":true,"href":"https:\/\/norestedigital.net\/index.php\/wp-json\/wp\/v2\/media\/5697"}],"wp:attachment":[{"href":"https:\/\/norestedigital.net\/index.php\/wp-json\/wp\/v2\/media?parent=3744"}],"wp:term":[{"taxonomy":"category","embeddable":true,"href":"https:\/\/norestedigital.net\/index.php\/wp-json\/wp\/v2\/categories?post=3744"},{"taxonomy":"post_tag","embeddable":true,"href":"https:\/\/norestedigital.net\/index.php\/wp-json\/wp\/v2\/tags?post=3744"}],"curies":[{"name":"wp","href":"https:\/\/api.w.org\/{rel}","templated":true}]}}