{"id":3949,"date":"2026-02-04T12:25:29","date_gmt":"2026-02-04T18:25:29","guid":{"rendered":"https:\/\/norestedigital.net\/?p=3949"},"modified":"2026-02-04T21:32:25","modified_gmt":"2026-02-05T03:32:25","slug":"gobierno-de-nuevo-laredo-invita-al-bazar-de-san-valentin-en-plaza-zaragoza","status":"publish","type":"post","link":"https:\/\/norestedigital.net\/index.php\/2026\/02\/04\/gobierno-de-nuevo-laredo-invita-al-bazar-de-san-valentin-en-plaza-zaragoza\/","title":{"rendered":"GOBIERNO DE NUEVO LAREDO INVITA AL BAZAR DE SAN VALENT\u00cdN EN PLAZA ZARAGOZA"},"content":{"rendered":"\n<p>GOBIERNO MUNICIPAL INVITA AL BAZAR DE SAN VALENT\u00cdN EN PLAZA ZARAGOZA<\/p>\n\n\n\n<p>Con el objetivo de impulsar el comercio local y ofrecer a las familias un espacio de convivencia previo al D\u00eda del Amor y la Amistad, el Gobierno Municipal invita a la ciudadan\u00eda a disfrutar del Bazar de San Valent\u00edn, que se llevar\u00e1 a cabo este s\u00e1bado 7 de febrero, en un ambiente lleno de color, creatividad y detalles especiales.<\/p>\n\n\n\n<p>El evento se realizar\u00e1 en la Plaza Zaragoza, en un horario de 4:00 de la tarde a 9:00 de la noche, donde emprendedores y talentos locales ofrecer\u00e1n una amplia variedad de productos ideales para regalar, desde art\u00edculos artesanales y decorativos, hasta opciones gastron\u00f3micas y propuestas creativas pensadas para celebrar el amor y la amistad.<\/p>\n\n\n\n<p>El Bazar de San Valent\u00edn representa una oportunidad para fortalecer la econom\u00eda local, respaldar a peque\u00f1os negocios y generar espacios p\u00fablicos vivos, donde las familias puedan convivir y disfrutar de una tarde agradable en el coraz\u00f3n de la ciudad.<\/p>\n\n\n\n<p>El Gobierno Municipal reiter\u00f3 la invitaci\u00f3n a la ciudadan\u00eda a asistir, consumir local y ser parte de esta iniciativa que promueve el emprendimiento, la cercan\u00eda social y el uso positivo de los espacios p\u00fablicos.<\/p>\n","protected":false},"excerpt":{"rendered":"<p>GOBIERNO MUNICIPAL INVITA AL BAZAR DE SAN VALENT\u00cdN EN PLAZA ZARAGOZA Con el objetivo de impulsar el comercio local y ofrecer a las familias un espacio de convivencia previo al D\u00eda del Amor y la Amistad, el Gobierno Municipal invita a la ciudadan\u00eda a disfrutar del Bazar de San Valent\u00edn, que se llevar\u00e1 a cabo &hellip;<\/p>\n","protected":false},"author":2,"featured_media":3950,"comment_status":"open","ping_status":"open","sticky":false,"template":"","format":"standard","meta":{"footnotes":""},"categories":[2,37],"tags":[],"class_list":["post-3949","post","type-post","status-publish","format-standard","has-post-thumbnail","","category-mun","category-nuevo-laredo"],"_links":{"self":[{"href":"https:\/\/norestedigital.net\/index.php\/wp-json\/wp\/v2\/posts\/3949","targetHints":{"allow":["GET"]}}],"collection":[{"href":"https:\/\/norestedigital.net\/index.php\/wp-json\/wp\/v2\/posts"}],"about":[{"href":"https:\/\/norestedigital.net\/index.php\/wp-json\/wp\/v2\/types\/post"}],"author":[{"embeddable":true,"href":"https:\/\/norestedigital.net\/index.php\/wp-json\/wp\/v2\/users\/2"}],"replies":[{"embeddable":true,"href":"https:\/\/norestedigital.net\/index.php\/wp-json\/wp\/v2\/comments?post=3949"}],"version-history":[{"count":2,"href":"https:\/\/norestedigital.net\/index.php\/wp-json\/wp\/v2\/posts\/3949\/revisions"}],"predecessor-version":[{"id":4060,"href":"https:\/\/norestedigital.net\/index.php\/wp-json\/wp\/v2\/posts\/3949\/revisions\/4060"}],"wp:featuredmedia":[{"embeddable":true,"href":"https:\/\/norestedigital.net\/index.php\/wp-json\/wp\/v2\/media\/3950"}],"wp:attachment":[{"href":"https:\/\/norestedigital.net\/index.php\/wp-json\/wp\/v2\/media?parent=3949"}],"wp:term":[{"taxonomy":"category","embeddable":true,"href":"https:\/\/norestedigital.net\/index.php\/wp-json\/wp\/v2\/categories?post=3949"},{"taxonomy":"post_tag","embeddable":true,"href":"https:\/\/norestedigital.net\/index.php\/wp-json\/wp\/v2\/tags?post=3949"}],"curies":[{"name":"wp","href":"https:\/\/api.w.org\/{rel}","templated":true}]}}