{"id":4024,"date":"2026-03-15T23:41:13","date_gmt":"2026-03-16T05:41:13","guid":{"rendered":"https:\/\/norestedigital.net\/?p=4024"},"modified":"2026-03-15T23:41:15","modified_gmt":"2026-03-16T05:41:15","slug":"isaac-del-toro-gana-la-tirreno-adriatico-en-italia-y-conquista-el-tridente-por-primera-vez","status":"publish","type":"post","link":"https:\/\/norestedigital.net\/index.php\/2026\/03\/15\/isaac-del-toro-gana-la-tirreno-adriatico-en-italia-y-conquista-el-tridente-por-primera-vez\/","title":{"rendered":"Isaac Del Toro gana la Tirreno-Adri\u00e1tico en Italia y conquista el \u201cTridente\u201d por primera vez&#8230;"},"content":{"rendered":"\n<p>El ciclista de UAE firma una semana perfecta en Italia y se consagra como campe\u00f3n de la Tirreno-Adri\u00e1tico 2026<\/p>\n\n\n\n<p>Por Angel R\u00edos Gonz\u00e1lez<\/p>\n\n\n\n<p>El ciclismo mexicano vivi\u00f3 un\u00a0<strong>momento hist\u00f3rico<\/strong>\u00a0este domingo con la victoria de\u00a0<strong><a href=\"https:\/\/laopinion.com\/tema\/isaac-del-toro\">Isaac Del Toro<\/a><\/strong>\u00a0en la\u00a0<strong>Tirreno-Adri\u00e1tico 2026<\/strong>, una de las carreras por etapas m\u00e1s prestigiosas del calendario internacional. El joven corredor del\u00a0<strong>UAE Team Emirates<\/strong>\u00a0se convirti\u00f3 en el\u00a0<strong>primer mexicano en ganar el famoso \u201cTridente\u201d<\/strong>, trofeo que distingue al campe\u00f3n de la llamada\u00a0<strong>\u201cCarrera de los Dos Mares\u201d<\/strong>.<\/p>\n\n\n\n<p>El ciclista de\u00a0<strong>Ensenada<\/strong>, de apenas 22 a\u00f1os, lleg\u00f3 a la \u00faltima etapa con el t\u00edtulo pr\u00e1cticamente asegurado tras su exhibici\u00f3n en la jornada anterior. En el cierre de la competencia, el italiano\u00a0<strong>Jonatan Milan<\/strong>\u00a0(Lidl-Trek) se qued\u00f3 con la victoria del esprint final, mientras que\u00a0<strong>Del Toro confirm\u00f3 su triunfo en la clasificaci\u00f3n general<\/strong>.<\/p>\n\n\n\n<figure class=\"wp-block-embed is-type-rich is-provider-twitter wp-block-embed-twitter\"><div class=\"wp-block-embed__wrapper\">\n<blockquote class=\"twitter-tweet\" data-width=\"550\" data-dnt=\"true\"><p lang=\"en\" dir=\"ltr\">\ud83d\udc99\ud83d\udd31 The King of the Two Seas!<br><br>Congratulations to <a href=\"https:\/\/twitter.com\/ISAACDELTOROx1?ref_src=twsrc%5Etfw\">@ISAACDELTOROx1<\/a> on winning the 2026 <a href=\"https:\/\/twitter.com\/hashtag\/TirrenoAdriatico?src=hash&amp;ref_src=twsrc%5Etfw\">#TirrenoAdriatico<\/a> overall title! \ud83c\udfc6<br><br>Del Toro also becomes the first Mexican rider ever to win the general classification at this race. \ud83c\uddf2\ud83c\uddfd<br><br>Thanks to all the guys who made this week of racing\u2026 <a href=\"https:\/\/t.co\/QiZhWRgHnH\">pic.twitter.com\/QiZhWRgHnH<\/a><\/p>&mdash; @UAE-TeamEmirates (@TeamEmiratesUAE) <a href=\"https:\/\/twitter.com\/TeamEmiratesUAE\/status\/2033190319500534072?ref_src=twsrc%5Etfw\">March 15, 2026<\/a><\/blockquote><script async src=\"https:\/\/platform.twitter.com\/widgets.js\" charset=\"utf-8\"><\/script>\n<\/div><\/figure>\n\n\n\n<p><\/p>\n\n\n\n<h2 class=\"wp-block-heading\"><strong>Isaac Del Toro conquista la Tirreno-Adri\u00e1tico con una semana dominante<\/strong><\/h2>\n\n\n\n<p>El triunfo de&nbsp;<strong>Isaac Del Toro en la Tirreno-Adri\u00e1tico<\/strong>&nbsp;se construy\u00f3 con autoridad a lo largo de las siete etapas de la competencia. El mexicano super\u00f3 en la&nbsp;<strong>clasificaci\u00f3n general<\/strong>&nbsp;al estadounidense&nbsp;<strong>Matteo Jorgenson<\/strong>&nbsp;(Visma) y al italiano&nbsp;<strong>Giulio Pellizzari<\/strong>&nbsp;(BORA), quienes fueron sus principales rivales durante la carrera.<\/p>\n\n\n\n<p>Del Toro incluso se vio involucrado en&nbsp;<strong>una peque\u00f1a ca\u00edda m\u00faltiple en los metros finales de la \u00faltima etapa<\/strong>, aunque el incidente no tuvo consecuencias para su hist\u00f3rico triunfo.<\/p>\n\n\n\n<p>Con esta victoria, el joven talento mexicano confirma su crecimiento en el&nbsp;<strong>ciclismo internacional<\/strong>&nbsp;y refuerza su estatus como una de las promesas m\u00e1s brillantes del pelot\u00f3n mundial.<\/p>\n\n\n\n<h2 class=\"wp-block-heading\"><strong>Semana perfecta para el mexicano en la \u201cCarrera de los Dos Mares\u201d<\/strong><\/h2>\n\n\n\n<p>El ciclista del&nbsp;<strong>UAE Team Emirates<\/strong>&nbsp;domin\u00f3 la&nbsp;<strong>Tirreno-Adri\u00e1tico 2026<\/strong>&nbsp;desde los primeros d\u00edas de competencia. Tom\u00f3 el liderato en la&nbsp;<strong>segunda etapa<\/strong>, lo cedi\u00f3 moment\u00e1neamente en la cuarta frente a&nbsp;<strong>Giulio Pellizzari<\/strong>, y recuper\u00f3 la cima en la quinta jornada para&nbsp;<strong>mantenerla hasta el final del torneo<\/strong>.<\/p>\n\n\n\n<p>Su momento m\u00e1s espectacular lleg\u00f3 en la&nbsp;<strong>sexta etapa<\/strong>, cuando lanz\u00f3 un ataque demoledor en el tercer ascenso al&nbsp;<strong>Muro della Madonna delle Carceri<\/strong>&nbsp;para llegar en solitario a la meta en&nbsp;<strong>Camerino<\/strong>.<\/p>\n\n\n\n<p>El tramo final presentaba&nbsp;<strong>3 kil\u00f3metros con una pendiente media del 8.8% y rampas de hasta el 18%<\/strong>, un escenario en el que&nbsp;<strong>Del Toro firm\u00f3 una exhibici\u00f3n de fuerza<\/strong>&nbsp;que pr\u00e1cticamente asegur\u00f3 su t\u00edtulo en la competencia italiana.<\/p>\n\n\n\n<figure class=\"wp-block-embed is-type-rich is-provider-twitter wp-block-embed-twitter\"><div class=\"wp-block-embed__wrapper\">\n<blockquote class=\"twitter-tweet\" data-width=\"550\" data-dnt=\"true\"><p lang=\"en\" dir=\"ltr\">A happy Torito and his tridente \ud83d\udc02\ud83d\udc99<br><br>\ud83d\udd31 <a href=\"https:\/\/twitter.com\/ISAACDELTOROx1?ref_src=twsrc%5Etfw\">@ISAACDELTOROx1<\/a> <a href=\"https:\/\/twitter.com\/hashtag\/TirrenoAdriatico?src=hash&amp;ref_src=twsrc%5Etfw\">#TirrenoAdriatico<\/a> <a href=\"https:\/\/twitter.com\/hashtag\/WeAreUAE?src=hash&amp;ref_src=twsrc%5Etfw\">#WeAreUAE<\/a> <a href=\"https:\/\/t.co\/tqreAFZPXk\">pic.twitter.com\/tqreAFZPXk<\/a><\/p>&mdash; @UAE-TeamEmirates (@TeamEmiratesUAE) <a href=\"https:\/\/twitter.com\/TeamEmiratesUAE\/status\/2033204139371397246?ref_src=twsrc%5Etfw\">March 15, 2026<\/a><\/blockquote><script async src=\"https:\/\/platform.twitter.com\/widgets.js\" charset=\"utf-8\"><\/script>\n<\/div><\/figure>\n\n\n\n<p><\/p>\n\n\n\n<h2 class=\"wp-block-heading\"><strong>Isaac Del Toro y las comparaciones con Tadej Pogacar<\/strong><\/h2>\n\n\n\n<p>La impresionante actuaci\u00f3n del mexicano ha reavivado las comparaciones con el esloveno&nbsp;<strong>Tadej Pogacar<\/strong>, una de las grandes figuras del ciclismo mundial y ganador de la&nbsp;<strong>Tirreno-Adri\u00e1tico en 2021 y 2022<\/strong>.<\/p>\n\n\n\n<p>De hecho,&nbsp;<strong>Isaac Del Toro suma ya 26 victorias como profesional a los 22 a\u00f1os<\/strong>, una cifra superior a la que ten\u00eda Pogacar a esa misma edad, lo que alimenta las expectativas sobre el futuro del ciclista mexicano en las grandes vueltas.<\/p>\n\n\n\n<h2 class=\"wp-block-heading\"><strong>Un cierre tranquilo rumbo al t\u00edtulo de la Tirreno-Adri\u00e1tico<\/strong><\/h2>\n\n\n\n<p>La&nbsp;<strong>\u00faltima etapa de la Tirreno-Adri\u00e1tico 2026<\/strong>&nbsp;no present\u00f3 dificultades para el l\u00edder mexicano. El recorrido de&nbsp;<strong>142 kil\u00f3metros entre Civitanova Marche y San Benedetto del Tronto<\/strong>&nbsp;estaba dise\u00f1ado para los velocistas y no gener\u00f3 cambios en la clasificaci\u00f3n general.<\/p>\n\n\n\n<p>El trazado incluy\u00f3 solo dos ascensos \u2014<strong>Montefiore d\u2019Aso (10.9 km al 3.4%)<\/strong>&nbsp;y&nbsp;<strong>Ripatransone (8.4 km al 4.6%)<\/strong>\u2014, insuficientes para alterar la ventaja que&nbsp;<strong>Isaac Del Toro<\/strong>&nbsp;hab\u00eda construido en la monta\u00f1a.<\/p>\n\n\n\n<p>Con el t\u00edtulo ya asegurado, el mexicano cruz\u00f3 la meta final como\u00a0<strong>nuevo campe\u00f3n de la Tirreno-Adri\u00e1tico<\/strong>, consolidando una de las\u00a0<strong>mayores haza\u00f1as del ciclismo mexicano en Europa<\/strong>.<\/p>\n","protected":false},"excerpt":{"rendered":"<p>El ciclista de UAE firma una semana perfecta en Italia y se consagra como campe\u00f3n de la Tirreno-Adri\u00e1tico 2026 Por Angel R\u00edos Gonz\u00e1lez El ciclismo mexicano vivi\u00f3 un\u00a0momento hist\u00f3rico\u00a0este domingo con la victoria de\u00a0Isaac Del Toro\u00a0en la\u00a0Tirreno-Adri\u00e1tico 2026, una de las carreras por etapas m\u00e1s prestigiosas del calendario internacional. El joven corredor del\u00a0UAE Team Emirates\u00a0se &hellip;<\/p>\n","protected":false},"author":2,"featured_media":8394,"comment_status":"open","ping_status":"open","sticky":false,"template":"","format":"standard","meta":{"footnotes":""},"categories":[13,62],"tags":[],"class_list":["post-4024","post","type-post","status-publish","format-standard","has-post-thumbnail","","category-sports","category-portada"],"_links":{"self":[{"href":"https:\/\/norestedigital.net\/index.php\/wp-json\/wp\/v2\/posts\/4024","targetHints":{"allow":["GET"]}}],"collection":[{"href":"https:\/\/norestedigital.net\/index.php\/wp-json\/wp\/v2\/posts"}],"about":[{"href":"https:\/\/norestedigital.net\/index.php\/wp-json\/wp\/v2\/types\/post"}],"author":[{"embeddable":true,"href":"https:\/\/norestedigital.net\/index.php\/wp-json\/wp\/v2\/users\/2"}],"replies":[{"embeddable":true,"href":"https:\/\/norestedigital.net\/index.php\/wp-json\/wp\/v2\/comments?post=4024"}],"version-history":[{"count":2,"href":"https:\/\/norestedigital.net\/index.php\/wp-json\/wp\/v2\/posts\/4024\/revisions"}],"predecessor-version":[{"id":8395,"href":"https:\/\/norestedigital.net\/index.php\/wp-json\/wp\/v2\/posts\/4024\/revisions\/8395"}],"wp:featuredmedia":[{"embeddable":true,"href":"https:\/\/norestedigital.net\/index.php\/wp-json\/wp\/v2\/media\/8394"}],"wp:attachment":[{"href":"https:\/\/norestedigital.net\/index.php\/wp-json\/wp\/v2\/media?parent=4024"}],"wp:term":[{"taxonomy":"category","embeddable":true,"href":"https:\/\/norestedigital.net\/index.php\/wp-json\/wp\/v2\/categories?post=4024"},{"taxonomy":"post_tag","embeddable":true,"href":"https:\/\/norestedigital.net\/index.php\/wp-json\/wp\/v2\/tags?post=4024"}],"curies":[{"name":"wp","href":"https:\/\/api.w.org\/{rel}","templated":true}]}}