{"id":4046,"date":"2026-03-18T20:39:08","date_gmt":"2026-03-19T02:39:08","guid":{"rendered":"https:\/\/norestedigital.net\/?p=4046"},"modified":"2026-03-18T20:39:18","modified_gmt":"2026-03-19T02:39:18","slug":"por-la-libre-uat-mover-el-gabinete-para-mover-el-rumbo","status":"publish","type":"post","link":"https:\/\/norestedigital.net\/index.php\/2026\/03\/18\/por-la-libre-uat-mover-el-gabinete-para-mover-el-rumbo\/","title":{"rendered":"Por La Libre \/\/ UAT: mover el gabinete para mover el rumbo&#8230;"},"content":{"rendered":"\n<p><\/p>\n\n\n\n<p>Por Edelmira Cerecedo Garc\u00eca.<\/p>\n\n\n\n<p>Los recientes nombramientos en la Universidad Aut\u00f3noma de Tamaulipas no son ajustes menores; son decisiones que marcan intenci\u00f3n. El rector D\u00e1maso Anaya Alvarado est\u00e1 apostando por un equipo con perfiles claros: la Dra. Evelia Res\u00e9ndiz Balderas en Investigaci\u00f3n y Posgrado, el Dr. Jes\u00fas Gerardo Delgado Rivas en Servicios Escolares y el Ing. Jos\u00e9 Torres Alexanderson en Comunicaci\u00f3n y Difusi\u00f3n. No es casualidad: son \u00e1reas donde se juega el presente y el futuro de la instituci\u00f3n.<br>La apuesta es clara: fortalecer la base acad\u00e9mica, ordenar la operaci\u00f3n y darle sentido estrat\u00e9gico a la gesti\u00f3n. Res\u00e9ndiz Balderas llega con formaci\u00f3n cient\u00edfica y experiencia en innovaci\u00f3n educativa; Delgado Rivas con trayectoria en administraci\u00f3n acad\u00e9mica y trabajo institucional; y Torres Alexanderson con perfil t\u00e9cnico en lo digital, justo donde hoy se define buena parte de la conexi\u00f3n universidad-sociedad. Si cada uno responde a lo que su cargo exige, la UAT puede dar un salto que ya no admite demora.<br>El verdadero examen apenas empieza. Porque estos movimientos no pueden quedarse en el nombramiento ni en la foto. Tienen que reflejarse en m\u00e1s investigaci\u00f3n \u00fatil, tr\u00e1mites eficientes y una comunicaci\u00f3n que proyecte cercan\u00eda y confianza. Si eso ocurre, mi vida, no ser\u00e1 solo un cambio de piezas\u2026 ser\u00e1 un cambio de ritmo.<\/p>\n\n\n\n<p>18 de Marzo expropiaci\u00f3n petr\u00f3lera celebrada en Tamaulipas.<\/p>\n\n\n\n<p>A 88 a\u00f1os de la Expropiaci\u00f3n Petrolera de M\u00e9xico, la historia vuelve a tomar forma en el presente, mis amores. Lo que inici\u00f3 con la visi\u00f3n firme de L\u00e1zaro C\u00e1rdenas del R\u00edo hoy encuentra eco en el liderazgo de Claudia Sheinbaum, quien en su visita a Tamaulipas dej\u00f3 claro que la soberan\u00eda energ\u00e9tica no son solo dichos: es ruta.<\/p>\n\n\n\n<p>Y ah\u00ed, en primera l\u00ednea, aparece el gobernador Am\u00e9rico Villarreal Anaya, con el respaldo federal que no solo suma pol\u00edticamente, sino que abre paso a consolidar al estado como pieza clave del desarrollo energ\u00e9tico nacional.<\/p>\n\n\n\n<p>No es casualidad: Tamaulipas pesa, cuenta y define. Y cuando hay coordinaci\u00f3n entre federaci\u00f3n y estado, el mensaje es contundente; hay rumbo.<br>Hoy m\u00e1s que nunca, fortalecer a Petr\u00f3leos Mexicanos es sostener una visi\u00f3n de pa\u00eds que apuesta por lo propio, por la soberan\u00eda y por el futuro.<\/p>\n\n\n\n<p>Porque el petr\u00f3leo es historia\u2026 pero tambi\u00e9n es poder en el presente.<\/p>\n\n\n\n<p>Y ahora s\u00ed la tarea\u2026.<\/p>\n\n\n\n<p>SIN MIEDO A LOS CAMBIOS\u2026.se los dije el Gobernador prepara el mejor terreno justo a 3 a\u00f1os, porque en cada alcald\u00eda y cada Curul no van a estar los amigos ni los que sacaron un 10 Gobernando y creen que van a repetir\u2026.aqu\u00ed El Gobernador quiere urnas llenas a bajo costo, a eso lo va respalda la Presidenta\u2026. ya ah\u00ed se\u00f1ales\u2026.Se los dejo de tarea.<\/p>\n\n\n\n<p><\/p>\n","protected":false},"excerpt":{"rendered":"<p>Por Edelmira Cerecedo Garc\u00eca. Los recientes nombramientos en la Universidad Aut\u00f3noma de Tamaulipas no son ajustes menores; son decisiones que marcan intenci\u00f3n. El rector D\u00e1maso Anaya Alvarado est\u00e1 apostando por un equipo con perfiles claros: la Dra. Evelia Res\u00e9ndiz Balderas en Investigaci\u00f3n y Posgrado, el Dr. Jes\u00fas Gerardo Delgado Rivas en Servicios Escolares y el &hellip;<\/p>\n","protected":false},"author":2,"featured_media":1096,"comment_status":"open","ping_status":"open","sticky":false,"template":"","format":"standard","meta":{"footnotes":""},"categories":[4],"tags":[],"class_list":["post-4046","post","type-post","status-publish","format-standard","has-post-thumbnail","","category-columnistas-fashion"],"_links":{"self":[{"href":"https:\/\/norestedigital.net\/index.php\/wp-json\/wp\/v2\/posts\/4046","targetHints":{"allow":["GET"]}}],"collection":[{"href":"https:\/\/norestedigital.net\/index.php\/wp-json\/wp\/v2\/posts"}],"about":[{"href":"https:\/\/norestedigital.net\/index.php\/wp-json\/wp\/v2\/types\/post"}],"author":[{"embeddable":true,"href":"https:\/\/norestedigital.net\/index.php\/wp-json\/wp\/v2\/users\/2"}],"replies":[{"embeddable":true,"href":"https:\/\/norestedigital.net\/index.php\/wp-json\/wp\/v2\/comments?post=4046"}],"version-history":[{"count":4,"href":"https:\/\/norestedigital.net\/index.php\/wp-json\/wp\/v2\/posts\/4046\/revisions"}],"predecessor-version":[{"id":8626,"href":"https:\/\/norestedigital.net\/index.php\/wp-json\/wp\/v2\/posts\/4046\/revisions\/8626"}],"wp:featuredmedia":[{"embeddable":true,"href":"https:\/\/norestedigital.net\/index.php\/wp-json\/wp\/v2\/media\/1096"}],"wp:attachment":[{"href":"https:\/\/norestedigital.net\/index.php\/wp-json\/wp\/v2\/media?parent=4046"}],"wp:term":[{"taxonomy":"category","embeddable":true,"href":"https:\/\/norestedigital.net\/index.php\/wp-json\/wp\/v2\/categories?post=4046"},{"taxonomy":"post_tag","embeddable":true,"href":"https:\/\/norestedigital.net\/index.php\/wp-json\/wp\/v2\/tags?post=4046"}],"curies":[{"name":"wp","href":"https:\/\/api.w.org\/{rel}","templated":true}]}}